{"id":18917,"date":"2010-11-04T00:00:00","date_gmt":"2010-11-04T00:00:00","guid":{"rendered":"http:\/\/prensa.wp2.mendoza.gov.ar\/?p=18917"},"modified":"2010-11-04T00:00:00","modified_gmt":"2010-11-04T00:00:00","slug":"comenzo-el-encuentro-de-educacion-de-jovenes-y-adultos","status":"publish","type":"post","link":"https:\/\/www.mendoza.gov.ar\/prensa\/comenzo-el-encuentro-de-educacion-de-jovenes-y-adultos\/","title":{"rendered":"Comenz\u00f3 el encuentro de Educaci\u00f3n de J\u00f3venes y Adultos"},"content":{"rendered":"<!DOCTYPE html PUBLIC \"-\/\/W3C\/\/DTD HTML 4.0 Transitional\/\/EN\" \"http:\/\/www.w3.org\/TR\/REC-html40\/loose.dtd\">\n<html><body><p>Este encuentro es organizado por la Direcci&oacute;n General de Escuelas y es de vital importancia ya que cuenta con la presencia de docentes y fuertes referentes de ese segmento educativo.<br>\nAlgunos de los asistentes pertenecen al Ministerio de Educaci&oacute;n de la Naci&oacute;n, Conicet y la &nbsp;UNESCO entre otros, adem&aacute;s del Gobierno de Mendoza, la Municipalidad de Maip&uacute;, la Legislatura y la UNCuyo.<br>\nEl Encuentro Provincial &ldquo;Desaf&iacute;os y Proyecciones de la Educaci&oacute;n de J&oacute;venes y Adultos en Mendoza&rdquo; lleva la consigna &ldquo;Educaci&oacute;n a lo largo de la vida: un derecho de las personas, una obligaci&oacute;n del Estado, una responsabilidad de todas y todos&rdquo;.<br>\nEntre los ejes principales figuran: dimensionar el alcance de la Educaci&oacute;n de J&oacute;venes y Adultos en relaci&oacute;n con la Ley Nacional de Educaci&oacute;n; contextualizar las pr&aacute;cticas educativas del segmento en la provincia, el pa&iacute;s y el mundo; reflexionar sobre la articulaci&oacute;n con el mundo del trabajo y su aporte en la construcci&oacute;n de ciudadan&iacute;a; y compartir experiencias educativas y de gesti&oacute;n.<br>\nAl respecto el Subsecretario de Educaci&oacute;n, Jos&eacute; Rivas, resalt&oacute; la importancia de este tipo de educaci&oacute;n, defini&eacute;ndola como un puente entre la escuela y la oportunidad.<br>\n&ldquo;Quiero agradecer a todos los que trabajan d&iacute;a a d&iacute;a en la modalidad de J&oacute;venes y Adultos por hacer&nbsp; posible que, de a poco, todos tengan la oportunidad de educarse, porque los docentes, no s&oacute;lo entregan conocimiento, si no que tambi&eacute;n dejan su coraz&oacute;n en cada aula&rdquo; continu&oacute; Rivas.<br>\nPara finalizar el subsecretario dijo: &ldquo;Cada provincia hace su esfuerzo en esta &aacute;rea, pero no tengo dudas de que Mendoza lleva la punta. Felicitaciones a todos y todas&rdquo;.<br>\nEl panel de cierre y la ceremonia de clausura ser&aacute;n el viernes a partir de las 12. &nbsp;Los fundamentos, contenidos y contactos del encuentro se pueden encontrar en Internet a trav&eacute;s de la p&aacute;gina www.encuentroadultos.blogspot.com<\/p>\n<p>Edici&oacute;n: Sandra Pizarro<\/p>\n<\/body><\/html>\n","protected":false},"excerpt":{"rendered":"Este encuentro es organizado por la Direcci&oacute;n General de Escuelas y es de vital importancia ya que cuenta con la presencia de docentes y fuertes referentes de ese segmento educativo. Algunos de los asistentes pertenecen al Ministerio de Educaci&oacute;n de la Naci&oacute;n, Conicet y la &nbsp;UNESCO entre otros, adem&aacute;s del Gobierno de Mendoza, la Municipalidad&#8230; <a class=\"view-article\" href=\"https:\/\/www.mendoza.gov.ar\/prensa\/comenzo-el-encuentro-de-educacion-de-jovenes-y-adultos\/\"><\/a>","protected":false},"author":3,"featured_media":0,"comment_status":"closed","ping_status":"open","sticky":false,"template":"","format":"standard","meta":[],"categories":[12],"tags":[],"_links":{"self":[{"href":"https:\/\/www.mendoza.gov.ar\/prensa\/wp-json\/wp\/v2\/posts\/18917"}],"collection":[{"href":"https:\/\/www.mendoza.gov.ar\/prensa\/wp-json\/wp\/v2\/posts"}],"about":[{"href":"https:\/\/www.mendoza.gov.ar\/prensa\/wp-json\/wp\/v2\/types\/post"}],"author":[{"embeddable":true,"href":"https:\/\/www.mendoza.gov.ar\/prensa\/wp-json\/wp\/v2\/users\/3"}],"replies":[{"embeddable":true,"href":"https:\/\/www.mendoza.gov.ar\/prensa\/wp-json\/wp\/v2\/comments?post=18917"}],"version-history":[{"count":0,"href":"https:\/\/www.mendoza.gov.ar\/prensa\/wp-json\/wp\/v2\/posts\/18917\/revisions"}],"wp:attachment":[{"href":"https:\/\/www.mendoza.gov.ar\/prensa\/wp-json\/wp\/v2\/media?parent=18917"}],"wp:term":[{"taxonomy":"category","embeddable":true,"href":"https:\/\/www.mendoza.gov.ar\/prensa\/wp-json\/wp\/v2\/categories?post=18917"},{"taxonomy":"post_tag","embeddable":true,"href":"https:\/\/www.mendoza.gov.ar\/prensa\/wp-json\/wp\/v2\/tags?post=18917"}],"curies":[{"name":"wp","href":"https:\/\/api.w.org\/{rel}","templated":true}]}}