{"id":18926,"date":"2010-12-07T00:00:00","date_gmt":"2010-12-07T00:00:00","guid":{"rendered":"http:\/\/prensa.wp2.mendoza.gov.ar\/?p=18926"},"modified":"2010-12-07T00:00:00","modified_gmt":"2010-12-07T00:00:00","slug":"el-gobernador-anuncio-con-satisfaccion-que-ayer-se-cumplio-con-los-180-dias-de-clases","status":"publish","type":"post","link":"https:\/\/www.mendoza.gov.ar\/prensa\/el-gobernador-anuncio-con-satisfaccion-que-ayer-se-cumplio-con-los-180-dias-de-clases\/","title":{"rendered":"El gobernador anunci\u00f3 con satisfacci\u00f3n que ayer se cumpli\u00f3 con los 180 d\u00edas de clases"},"content":{"rendered":"<!DOCTYPE html PUBLIC \"-\/\/W3C\/\/DTD HTML 4.0 Transitional\/\/EN\" \"http:\/\/www.w3.org\/TR\/REC-html40\/loose.dtd\">\n<html><body><p>La ministra de Desarrollo Social de la Naci&oacute;n, Alicia Kirchner arrib&oacute; a Mendoza para acompa&ntilde;ar al gobernador, Celso Jaque en la entrega de 366 netbooks en la escuela Armando Tejada G&oacute;mez, situada en el distrito El Resguardo, de Las Heras.<\/p>\n<p>Esta distribuci&oacute;n se enmarca en el programa nacional Conectar Igualdad, que entrega computadoras port&aacute;tiles a alumnos de escuelas p&uacute;blicas. En el caso de Mendoza este a&ntilde;o se entregaron casi 6.000 equipos.<\/p>\n<p>En su visita a la provincia Alicia Kirchner trajo un aporte para el Gobierno de Mendoza de $14.610.000 destinado al programa de refuerzo alimentario escolar.<\/p>\n<p>Durante el acto y tres d&iacute;as antes de que finalice el ciclo lectivo de nivel primario, el gobernador Celso Jaque inform&oacute; satisfactoriamente que &ldquo;ayer (lunes) se cumplieron los 180 d&iacute;as de clase&rdquo;, que era el objetivo previsto por el Gobierno. Cabe aclarar que en el caso del nivel secundario los 180 de clases se cumplir&aacute;n el jueves pr&oacute;ximo, 9 de diciembre.<\/p>\n<p>Durante el acto en la escuela Tejada G&oacute;mez, Jaque record&oacute; a N&eacute;stor Kirchner que &ldquo;luch&oacute; por la educaci&oacute;n p&uacute;blica y fue en su Gobierno que se recuper&oacute; la transformaci&oacute;n de la escuela p&uacute;blica y de las escuelas t&eacute;cnicas&rdquo;.<\/p>\n<p>Respecto a la distribuci&oacute;n de netbooks, Alicia Kirchner se dirigi&oacute; a los estudiantes para expresarles: &ldquo;Cada computadora va a producir lo que ustedes quieran que produzca. Les pido responsabilidad para que esa producci&oacute;n sea en grande&rdquo;.<\/p>\n<p>La funcionaria indic&oacute; tambi&eacute;n que &ldquo;esta herramienta es tambi&eacute;n para la familia&rdquo; y apunta a que cada grupo familiar pueda &ldquo;conectar en igualdad&rdquo;, en referencia al nombre del programa y al objetivo de equipar con redes inform&aacute;ticas a los alumnos y, a trav&eacute;s de ellos, a sus familias.<\/p>\n<p>Participaron del acto el secretario de Salud de la Naci&oacute;n, Guillermo Bustos Villar; su par de Deportes de la Naci&oacute;n, Claudio Morresi, y la subsecretaria de Derechos Humanos de la Naci&oacute;n, Marita Perceval. Tambi&eacute;n acompa&ntilde;aron a la directora de la escuela, Gladys Struty, el ministro de Desarrollo Humano, Familia y Comunidad, Carlos Ciurca; el director General de Escuelas, Carlos L&oacute;pez Puelles, y el intendente de Las Heras, Rub&eacute;n Miranda.<\/p>\n<\/body><\/html>\n","protected":false},"excerpt":{"rendered":"La ministra de Desarrollo Social de la Naci&oacute;n, Alicia Kirchner arrib&oacute; a Mendoza para acompa&ntilde;ar al gobernador, Celso Jaque en la entrega de 366 netbooks en la escuela Armando Tejada G&oacute;mez, situada en el distrito El Resguardo, de Las Heras. Esta distribuci&oacute;n se enmarca en el programa nacional Conectar Igualdad, que entrega computadoras port&aacute;tiles a&#8230; <a class=\"view-article\" href=\"https:\/\/www.mendoza.gov.ar\/prensa\/el-gobernador-anuncio-con-satisfaccion-que-ayer-se-cumplio-con-los-180-dias-de-clases\/\"><\/a>","protected":false},"author":3,"featured_media":0,"comment_status":"closed","ping_status":"open","sticky":false,"template":"","format":"standard","meta":[],"categories":[12],"tags":[],"_links":{"self":[{"href":"https:\/\/www.mendoza.gov.ar\/prensa\/wp-json\/wp\/v2\/posts\/18926"}],"collection":[{"href":"https:\/\/www.mendoza.gov.ar\/prensa\/wp-json\/wp\/v2\/posts"}],"about":[{"href":"https:\/\/www.mendoza.gov.ar\/prensa\/wp-json\/wp\/v2\/types\/post"}],"author":[{"embeddable":true,"href":"https:\/\/www.mendoza.gov.ar\/prensa\/wp-json\/wp\/v2\/users\/3"}],"replies":[{"embeddable":true,"href":"https:\/\/www.mendoza.gov.ar\/prensa\/wp-json\/wp\/v2\/comments?post=18926"}],"version-history":[{"count":0,"href":"https:\/\/www.mendoza.gov.ar\/prensa\/wp-json\/wp\/v2\/posts\/18926\/revisions"}],"wp:attachment":[{"href":"https:\/\/www.mendoza.gov.ar\/prensa\/wp-json\/wp\/v2\/media?parent=18926"}],"wp:term":[{"taxonomy":"category","embeddable":true,"href":"https:\/\/www.mendoza.gov.ar\/prensa\/wp-json\/wp\/v2\/categories?post=18926"},{"taxonomy":"post_tag","embeddable":true,"href":"https:\/\/www.mendoza.gov.ar\/prensa\/wp-json\/wp\/v2\/tags?post=18926"}],"curies":[{"name":"wp","href":"https:\/\/api.w.org\/{rel}","templated":true}]}}