{"id":190227,"date":"2019-06-27T13:39:32","date_gmt":"2019-06-27T16:39:32","guid":{"rendered":"http:\/\/prensa.wp1.mendoza.gov.ar\/?p=190227"},"modified":"2019-06-27T17:20:48","modified_gmt":"2019-06-27T20:20:48","slug":"campana-nacional-de-deteccion-de-sindrome-de-raynaud","status":"publish","type":"post","link":"https:\/\/www.mendoza.gov.ar\/prensa\/campana-nacional-de-deteccion-de-sindrome-de-raynaud\/","title":{"rendered":"Campa\u00f1a nacional de detecci\u00f3n de S\u00edndrome de Raynaud"},"content":{"rendered":"<!DOCTYPE html PUBLIC \"-\/\/W3C\/\/DTD HTML 4.0 Transitional\/\/EN\" \"http:\/\/www.w3.org\/TR\/REC-html40\/loose.dtd\">\n<html><body><h5><span style=\"font-family: Arial, sans-serif\">OSEP, a trav&eacute;s de su Departamento de Reumatolog&iacute;a, participar&aacute; ma&ntilde;ana en la campa&ntilde;a nacional.<\/span><\/h5>\n<p><span style=\"font-family: Arial, sans-serif\">Este fen&oacute;meno es producto de un espasmo vascular en los vasos sangu&iacute;neos. Afecta generalmente a manos y pies. Tambi&eacute;n puede afectar las orejas y nariz. Por el fr&iacute;o, se estrechan los vasos sangu&iacute;neos desencadenando una reacci&oacute;n que provoca que las extremidades se tornen blancas, luego azules y rojas, hasta que vuelven a su estado normal. Esta patolog&iacute;a es una de las primeras se&ntilde;ales que pueden indicar esclerodermia.<\/span><\/p>\n<p><span style=\"font-family: Arial, sans-serif\">De no prevenir el fen&oacute;meno, puede repercutir en otros &oacute;rganos.<\/span><\/p>\n<p><span style=\"font-family: Arial, sans-serif\">Para detectarlo se utiliza un m&eacute;todo denominado capilaroscopia y hay medicaci&oacute;n para su tratamiento.<\/span><\/p>\n<p><span style=\"color: #000000\"><span style=\"font-family: Arial, sans-serif\">Las medidas preventivas incluyen: no entrar en contacto con el fr&iacute;o, evitar salir con temperaturas muy bajas, utilizar guantes de cuero y tomar la medicaci&oacute;n espec&iacute;fica para dilatar los vasos y evitar este fen&oacute;meno.<\/span><\/span><\/p>\n<p class=\"m_-5175197257502122439ydpb8f46abewestern\"><span style=\"color: #111111\"><span style=\"font-family: Arial, sans-serif\"><b>Factores de riesgo primarios y secundarios<\/b><\/span><\/span><\/p>\n<p><span style=\"color: #111111\"><span style=\"font-family: Arial, sans-serif\">Los factores de riesgo del fen&oacute;meno de Raynaud primario son:<\/span><\/span><\/p>\n<ul>\n<li><strong><span style=\"color: #111111\"><span style=\"font-family: Arial, sans-serif\">Sexo:&nbsp;<\/span><\/span><\/strong><span style=\"color: #111111\"><span style=\"font-family: Arial, sans-serif\">Se ven afectadas m&aacute;s mujeres que hombres.<\/span><\/span><\/li>\n<li><strong><span style=\"color: #111111\"><span style=\"font-family: Arial, sans-serif\">Edad:&nbsp;<\/span><\/span><\/strong><span style=\"color: #111111\"><span style=\"font-family: Arial, sans-serif\">A pesar de que cualquiera puede padecer este trastorno, el fen&oacute;meno de Raynaud primario frecuentemente aparece entre los 15 y los 30 a&ntilde;os de edad.<\/span><\/span><\/li>\n<li><strong><span style=\"color: #111111\"><span style=\"font-family: Arial, sans-serif\">Clima:&nbsp;<\/span><\/span><\/strong><span style=\"color: #111111\"><span style=\"font-family: Arial, sans-serif\">Este trastorno tambi&eacute;n es m&aacute;s frecuente en personas que viven en climas fr&iacute;os.<\/span><\/span><\/li>\n<li><strong><span style=\"color: #111111\"><span style=\"font-family: Arial, sans-serif\">Antecedentes familiares:&nbsp;<\/span><\/span><\/strong><span style=\"color: #111111\"><span style=\"font-family: Arial, sans-serif\">Un familiar de primer grado, como un padre, hermano, hermana o un hijo, que padezca la enfermedad, tambi&eacute;n parece aumentar el riesgo de tener el fen&oacute;meno de Raynaud primario.<\/span><\/span><\/li>\n<\/ul>\n<p><strong><span style=\"color: #111111\"><span style=\"font-family: Arial, sans-serif\">Los factores de riesgo del s&iacute;ndrome de Raynaud secundario son:<\/span><\/span><\/strong><\/p>\n<ul>\n<li><strong><span style=\"color: #111111\"><span style=\"font-family: Arial, sans-serif\">Enfermedades asociadas:&nbsp;<\/span><\/span><\/strong><span style=\"color: #111111\"><span style=\"font-family: Arial, sans-serif\">comprenden enfermedades como la esclerodermia y el lupus.<\/span><\/span><\/li>\n<li><strong><span style=\"color: #111111\"><span style=\"font-family: Arial, sans-serif\">Determinadas ocupaciones:&nbsp;<\/span><\/span><\/strong><span style=\"color: #111111\"><span style=\"font-family: Arial, sans-serif\">comprenden empleos que causan traumatismos reiterados, como el uso de herramientas que vibran.<\/span><\/span><\/li>\n<li><strong><span style=\"color: #111111\"><span style=\"font-family: Arial, sans-serif\">La exposici&oacute;n a ciertas sustancias:&nbsp;<\/span><\/span><\/strong><span style=\"color: #111111\"><span style=\"font-family: Arial, sans-serif\">comprende fumar, tomar medicamentos que afectan los vasos sangu&iacute;neos y estar expuesto a ciertas sustancias qu&iacute;micas, como el cloruro de vinilo.<\/span><\/span><\/li>\n<\/ul>\n<p><span style=\"font-family: Arial, sans-serif\"><b>Detecci&oacute;n del S&iacute;ndrome, en OSEP<\/b><\/span><\/p>\n<p><span style=\"font-family: Arial, sans-serif\">La actividad se desarrollar&aacute; en el consultorio 2 del Hospital El Carmen de 8.30 a 14.30 y consistir&aacute; en la realizaci&oacute;n de una capilaroscopia, estudio que permite detectar el s&iacute;ndrome de Reynaud y su vinculaci&oacute;n con enfermedades reum&aacute;ticas. El estudio se realizar&aacute; gratis y se recomienda no asistir despu&eacute;s de una realizaci&oacute;n de manicur&iacute;a ni esmaltado de u&ntilde;as.<\/span><\/p>\n<p><span style=\"font-family: Arial, sans-serif\">El Departamento de Reumatolog&iacute;a tiene ocho profesionales, distribuidos entre el Hospital El Carmen y el Programa de Gesti&oacute;n Cl&iacute;nica para pacientes Cr&oacute;nicos.&nbsp;<\/span><\/p>\n<\/body><\/html>\n","protected":false},"excerpt":{"rendered":"OSEP, a trav&eacute;s de su Departamento de Reumatolog&iacute;a, participar&aacute; ma&ntilde;ana en la campa&ntilde;a nacional. Este fen&oacute;meno es producto de un espasmo vascular en los vasos sangu&iacute;neos. Afecta generalmente a manos y pies. Tambi&eacute;n puede afectar las orejas y nariz. Por el fr&iacute;o, se estrechan los vasos sangu&iacute;neos desencadenando una reacci&oacute;n que provoca que las extremidades&#8230; <a class=\"view-article\" href=\"https:\/\/www.mendoza.gov.ar\/prensa\/campana-nacional-de-deteccion-de-sindrome-de-raynaud\/\"><\/a>","protected":false},"author":77,"featured_media":190228,"comment_status":"open","ping_status":"open","sticky":false,"template":"","format":"standard","meta":[],"categories":[30],"tags":[],"_links":{"self":[{"href":"https:\/\/www.mendoza.gov.ar\/prensa\/wp-json\/wp\/v2\/posts\/190227"}],"collection":[{"href":"https:\/\/www.mendoza.gov.ar\/prensa\/wp-json\/wp\/v2\/posts"}],"about":[{"href":"https:\/\/www.mendoza.gov.ar\/prensa\/wp-json\/wp\/v2\/types\/post"}],"author":[{"embeddable":true,"href":"https:\/\/www.mendoza.gov.ar\/prensa\/wp-json\/wp\/v2\/users\/77"}],"replies":[{"embeddable":true,"href":"https:\/\/www.mendoza.gov.ar\/prensa\/wp-json\/wp\/v2\/comments?post=190227"}],"version-history":[{"count":4,"href":"https:\/\/www.mendoza.gov.ar\/prensa\/wp-json\/wp\/v2\/posts\/190227\/revisions"}],"predecessor-version":[{"id":190302,"href":"https:\/\/www.mendoza.gov.ar\/prensa\/wp-json\/wp\/v2\/posts\/190227\/revisions\/190302"}],"wp:featuredmedia":[{"embeddable":true,"href":"https:\/\/www.mendoza.gov.ar\/prensa\/wp-json\/wp\/v2\/media\/190228"}],"wp:attachment":[{"href":"https:\/\/www.mendoza.gov.ar\/prensa\/wp-json\/wp\/v2\/media?parent=190227"}],"wp:term":[{"taxonomy":"category","embeddable":true,"href":"https:\/\/www.mendoza.gov.ar\/prensa\/wp-json\/wp\/v2\/categories?post=190227"},{"taxonomy":"post_tag","embeddable":true,"href":"https:\/\/www.mendoza.gov.ar\/prensa\/wp-json\/wp\/v2\/tags?post=190227"}],"curies":[{"name":"wp","href":"https:\/\/api.w.org\/{rel}","templated":true}]}}