{"id":19056,"date":"2014-09-03T18:26:29","date_gmt":"2014-09-03T18:26:29","guid":{"rendered":"http:\/\/prensa.wp2.mendoza.gov.ar\/?p=19056"},"modified":"2014-09-03T18:26:29","modified_gmt":"2014-09-03T18:26:29","slug":"francisco-perez-inauguro-la-biblioteca-popular-de-lavalle","status":"publish","type":"post","link":"https:\/\/www.mendoza.gov.ar\/prensa\/francisco-perez-inauguro-la-biblioteca-popular-de-lavalle\/","title":{"rendered":"Francisco P\u00e9rez inaugur\u00f3 la Biblioteca Popular de Lavalle"},"content":{"rendered":"<!DOCTYPE html PUBLIC \"-\/\/W3C\/\/DTD HTML 4.0 Transitional\/\/EN\" \"http:\/\/www.w3.org\/TR\/REC-html40\/loose.dtd\">\n<html><body><p>El gobernador Francisco P&eacute;rez y el intendente de Lavalle, Roberto Righi, inauguraron la Biblioteca Popular de Lavalle que funcionar&aacute; en un moderno edificio construido especialmente, cuya inversi&oacute;n alcanz&oacute; los $ 3 millones. Se trata del primero de los 18 espacios de lectura que se levantar&aacute;n en todos los departamentos y uno de los ejes de la gesti&oacute;n.<\/p>\n<p>&ldquo;Hoy podemos concretar la apertura de una instituci&oacute;n educativa y cultural que les permita a los lavallinos tener un espacio para la lectura, las expresiones culturales y una sala multimedia para aprovechar las nuevas tecnolog&iacute;as. De esta manera fortalecemos las instituciones existentes porque entendemos que las bibliotecas son espacios promotores de educaci&oacute;n, de valores sociales, de promoci&oacute;n de cultura e informaci&oacute;n y que de todas formas fomentan mejores seres humanos&rdquo;, tal como expres&oacute; P&eacute;rez.<\/p>\n<p>El Gobernador destac&oacute; que la biblioteca p&uacute;blica inaugurada esta ma&ntilde;ana tendr&aacute; conectividad y contar&aacute; con netbooks. Adem&aacute;s anunci&oacute; que &ldquo;en 20 d&iacute;as se inaugurar&aacute; una biblioteca en Tunuyan&rdquo;. Y agreg&oacute;: &ldquo;Qu&eacute; mejor manera que el proximo 20 de setiembre que se celebra el d&iacute;a de las bibliotecas populares podamos cumplir con la meta de inaugurar uno de esos espacios culturales para cada municipio&rdquo;.<\/p>\n<p>El mandatario indic&oacute; adem&aacute;s que &ldquo;estos espacios de encuentro nos tienen que servir como ciudadanos, como vecinos, para ocuparnos de generar actividades que nos unan, que nos relacionen y que nos permitan compartir con la cultura y con los otros&rdquo;.<\/p>\n<p>Respecto a la importancia de las bibliotecas, P&eacute;rez explic&oacute; que &ldquo;una biblioteca p&uacute;blica ayuda a potenciar el h&aacute;bito de la lectura en los ni&ntilde;os, estimular la imaginaci&oacute;n y creatividad, facilitar el acceso a la expresi&oacute;n cultural para todos, fomentar el di&aacute;logo entre j&oacute;venes, adultos y ancianos&rdquo;.<\/p>\n<p>Dada su moderna estructura, el edificio funcionar&aacute; con bajo consumo de energ&iacute;a, con acondicionamiento t&eacute;rmico y paneles fotovoltaicos.<\/p>\n<p>Con esta inauguraci&oacute;n son m&aacute;s de 105 las bibliotecas populares que funcionan ya en los 18 departamentos, gestionadas por vecinos que tienen vocaci&oacute;n solidaria y de servicio constructivo para con los dem&aacute;s.<\/p>\n<p>A pocas horas de que se cumplan dos a&ntilde;os de la desaparici&oacute;n de Johana Chac&oacute;n, el mandatario provincial asegur&oacute; que el Ejecutivo sigue de cerca la investigaci&oacute;n y pidi&oacute; memoria, verdad y justicia por el caso que conmueve a los lavallinos y a todos los mendocinos.<\/p>\n<p><strong>M&aacute;s servicios para Lavalle<\/strong><\/p>\n<p>Durante la actividad, el Gobernador firm&oacute; un convenio en el marco del programa de Infraestructura Municipal para la adquisici&oacute;n de materiales para cloacas en los barrios Dorrego y Solares del Norte, con un monto de inversi&oacute;n de $ 3 millones.<\/p>\n<p>Luego de la inauguraci&oacute;n, los funcionarios visitaron los avances de la red de gas natural para los barrios El Porvenir, La Colmena, Cavero y Jarilleros del distrito de Jocol&iacute; y Jocol&iacute; Viejo. La obra comprende la construcci&oacute;n de 30 kil&oacute;metros de red y dos plantas reguladoras que permitir&aacute;n bajar la presi&oacute;n del gas para que llegue adecuadamente a los 800 domicilios. La inversi&oacute;n supera los 11 millones.<\/p>\n<p>&nbsp;<\/p>\n<p><a href=\"https:\/\/www.mendoza.gov.ar\/prensa\/wp-content\/uploads\/sites\/23\/Anuario-Estad%C3%ADstico-de-Turismo-de-Mendoza-A%C3%B1o-2.013-1-1.pdf\">ADJUNTO<\/a><\/p>\n<\/body><\/html>\n","protected":false},"excerpt":{"rendered":"Es la primera de las 18 bibliotecas que se har\u00e1n en cada departamento. Tuvo una inversi\u00f3n de $3 millones. Adem\u00e1s se firm\u00f3 un convenio para hacer cloacas en dos barrios por un monto de otros $3 millones.","protected":false},"author":3,"featured_media":0,"comment_status":"closed","ping_status":"open","sticky":false,"template":"","format":"standard","meta":[],"categories":[19],"tags":[],"_links":{"self":[{"href":"https:\/\/www.mendoza.gov.ar\/prensa\/wp-json\/wp\/v2\/posts\/19056"}],"collection":[{"href":"https:\/\/www.mendoza.gov.ar\/prensa\/wp-json\/wp\/v2\/posts"}],"about":[{"href":"https:\/\/www.mendoza.gov.ar\/prensa\/wp-json\/wp\/v2\/types\/post"}],"author":[{"embeddable":true,"href":"https:\/\/www.mendoza.gov.ar\/prensa\/wp-json\/wp\/v2\/users\/3"}],"replies":[{"embeddable":true,"href":"https:\/\/www.mendoza.gov.ar\/prensa\/wp-json\/wp\/v2\/comments?post=19056"}],"version-history":[{"count":0,"href":"https:\/\/www.mendoza.gov.ar\/prensa\/wp-json\/wp\/v2\/posts\/19056\/revisions"}],"wp:attachment":[{"href":"https:\/\/www.mendoza.gov.ar\/prensa\/wp-json\/wp\/v2\/media?parent=19056"}],"wp:term":[{"taxonomy":"category","embeddable":true,"href":"https:\/\/www.mendoza.gov.ar\/prensa\/wp-json\/wp\/v2\/categories?post=19056"},{"taxonomy":"post_tag","embeddable":true,"href":"https:\/\/www.mendoza.gov.ar\/prensa\/wp-json\/wp\/v2\/tags?post=19056"}],"curies":[{"name":"wp","href":"https:\/\/api.w.org\/{rel}","templated":true}]}}