{"id":19185,"date":"2014-10-21T10:32:00","date_gmt":"2014-10-21T10:32:00","guid":{"rendered":"http:\/\/prensa.wp2.mendoza.gov.ar\/el-gobernador-recibio-a-la-consul-de-espana-en-mendoza\/"},"modified":"2014-10-21T10:32:00","modified_gmt":"2014-10-21T10:32:00","slug":"el-gobernador-recibio-a-la-consul-de-espana-en-mendoza","status":"publish","type":"post","link":"https:\/\/www.mendoza.gov.ar\/prensa\/el-gobernador-recibio-a-la-consul-de-espana-en-mendoza\/","title":{"rendered":"El Gobernador recibi\u00f3 a la c\u00f3nsul de Espa\u00f1a en Mendoza"},"content":{"rendered":"<!DOCTYPE html PUBLIC \"-\/\/W3C\/\/DTD HTML 4.0 Transitional\/\/EN\" \"http:\/\/www.w3.org\/TR\/REC-html40\/loose.dtd\">\n<html><body><p>El gobernador Francisco P&eacute;rez recibi&oacute; esta ma&ntilde;ana en su despacho a la flamante c&oacute;nsul de Espa&ntilde;a en Mendoza, Elena Madrazo Hegewisch, quienes mantuvieron un encuentro para dialogar respecto a la importancia de fortalecer los v&iacute;nculos institucionales, comerciales y culturales entre este pa&iacute;s europeo y nuestra provincia.<\/p>\n<p>Al t&eacute;rmino del encuentro, la funcionaria diplom&aacute;tica coment&oacute; que la reuni&oacute;n tuvo una primera intenci&oacute;n que fue cumplir con una visita de cortes&iacute;a para conocer al Mandatario provincial&nbsp;y que a la vez, el di&aacute;logo sirvi&oacute; para avanzar en una agenda de trabajo en materia de cooperaci&oacute;n, intercambios universitarios y dem&aacute;s aspectos como son la articulaci&oacute;n y la profundizaci&oacute;n de los lazos comerciales.<\/p>\n<p>La atracci&oacute;n de inversiones espa&ntilde;olas que tengan como destino Mendoza, como tambi&eacute;n, potenciar las exportaciones de productos mendocinos hacia Espa&ntilde;a, fueron dos puntos que tambi&eacute;n abordaron los funcionarios.<\/p>\n<p>&ldquo;El Gobernador me ha explicado cuales son los ejes centrales de las pol&iacute;ticas de su Gobierno y hemos quedado en mantener encuentros con los responsables de las diferentes &aacute;reas para intercambiar experiencias y compartir trabajos&rdquo;, indic&oacute; la c&oacute;nsul.<\/p>\n<\/body><\/html>\n","protected":false},"excerpt":{"rendered":"Elena Madrazo Hegewisch es la nueva representante diplom\u00e1tica espa\u00f1ola en nuestra provincia, quien realiz\u00f3 una visita de cortes\u00eda para conocer a Francisco P\u00e9rez. ","protected":false},"author":3,"featured_media":0,"comment_status":"open","ping_status":"open","sticky":false,"template":"","format":"standard","meta":[],"categories":[19],"tags":[],"_links":{"self":[{"href":"https:\/\/www.mendoza.gov.ar\/prensa\/wp-json\/wp\/v2\/posts\/19185"}],"collection":[{"href":"https:\/\/www.mendoza.gov.ar\/prensa\/wp-json\/wp\/v2\/posts"}],"about":[{"href":"https:\/\/www.mendoza.gov.ar\/prensa\/wp-json\/wp\/v2\/types\/post"}],"author":[{"embeddable":true,"href":"https:\/\/www.mendoza.gov.ar\/prensa\/wp-json\/wp\/v2\/users\/3"}],"replies":[{"embeddable":true,"href":"https:\/\/www.mendoza.gov.ar\/prensa\/wp-json\/wp\/v2\/comments?post=19185"}],"version-history":[{"count":0,"href":"https:\/\/www.mendoza.gov.ar\/prensa\/wp-json\/wp\/v2\/posts\/19185\/revisions"}],"wp:attachment":[{"href":"https:\/\/www.mendoza.gov.ar\/prensa\/wp-json\/wp\/v2\/media?parent=19185"}],"wp:term":[{"taxonomy":"category","embeddable":true,"href":"https:\/\/www.mendoza.gov.ar\/prensa\/wp-json\/wp\/v2\/categories?post=19185"},{"taxonomy":"post_tag","embeddable":true,"href":"https:\/\/www.mendoza.gov.ar\/prensa\/wp-json\/wp\/v2\/tags?post=19185"}],"curies":[{"name":"wp","href":"https:\/\/api.w.org\/{rel}","templated":true}]}}