{"id":19192,"date":"2014-10-20T16:00:00","date_gmt":"2014-10-20T16:00:00","guid":{"rendered":"http:\/\/prensa.wp2.mendoza.gov.ar\/perez-destaco-la-inversion-en-seguridad-en-el-aniversario-de-la-policia-de-mendoza\/"},"modified":"2014-10-20T16:00:00","modified_gmt":"2014-10-20T16:00:00","slug":"perez-destaco-la-inversion-en-seguridad-en-el-aniversario-de-la-policia-de-mendoza","status":"publish","type":"post","link":"https:\/\/www.mendoza.gov.ar\/prensa\/perez-destaco-la-inversion-en-seguridad-en-el-aniversario-de-la-policia-de-mendoza\/","title":{"rendered":"P\u00e9rez destac\u00f3 la inversi\u00f3n en seguridad en el aniversario de la Polic\u00eda de Mendoza"},"content":{"rendered":"<!DOCTYPE html PUBLIC \"-\/\/W3C\/\/DTD HTML 4.0 Transitional\/\/EN\" \"http:\/\/www.w3.org\/TR\/REC-html40\/loose.dtd\">\n<html><body><p>El gobernador Francisco P&eacute;rez encabez&oacute; los festejos por el 204&ordm; aniversario de la Polic&iacute;a de Mendoza junto con el ministro de Seguridad Leonardo Comperatore. El mandatario provincial asegur&oacute; que se han invertido m&aacute;s de $132 millones en bienes que contribuyan a la eficiencia del trabajo policial, sumando al equipamiento 107 patrulleros, 15 camionetas, 1 helic&oacute;ptero y 3 autobombas.<\/p>\n<p>En el tema espec&iacute;fico de la lucha contra en el narcotr&aacute;fico, P&eacute;rez indic&oacute;: &ldquo;Abordamos la tarea en El Pozo, no con un estado represivo. Le dimos lucha al narcotr&aacute;fico no tan solo deteniendo a jefes de bandas organizadas, sino que&nbsp;vamos a construir bibliotecas, escuelas industriales, fabricas, adoquines. Hoy hay un estado presente en ese lugar&rdquo;.<\/p>\n<p>Siguiendo en esa l&iacute;nea, el mandatario provincial manifest&oacute; que seguir&aacute;n capacitando a un grupo de 20 efectivos por a&ntilde;o junto al personal de la DEA.<\/p>\n<p>Por otra parte, el mandatario provincial remarc&oacute; que se reforzar&aacute; con una fuerte campa&ntilde;a de concientizaci&oacute;n del uso adecuado del 911.<\/p>\n<p>Durante su discurso en el acto que se realiz&oacute; esta tarde en la Plaza de Armas del Ministerio de Seguridad,&nbsp;P&eacute;rez destac&oacute; la importancia de que &ldquo;nuestra comunidad sepa que estamos trabajando y que nos estamos ocupando de un tema tan prioritario para nuestra sociedad. Y que esas acciones est&aacute;n planificadas para que podamos abordarlas en forma conjunta con todos los estamentos de nuestro Gobierno&rdquo;.<\/p>\n<p>La integraci&oacute;n de esas acciones planificadas se manejan bajo tres ejes orientadores: el fortalecimiento institucional de las fuerzas de seguridad, la prevenci&oacute;n en la planificaci&oacute;n estrat&eacute;gica y operativa de los programas proyectos y acciones de seguridad p&uacute;blica, y por &uacute;ltimo, la integralidad de las pol&iacute;ticas de seguridad p&uacute;blica y ciudadana.<\/p>\n<p>En esa l&iacute;nea, el Gobernador les dijo a los polic&iacute;as presentes en el acto: &ldquo;Es en esos tres ejes que ustedes, queridos polic&iacute;as, cumplen un rol preponderante, porque toda acci&oacute;n que encaremos depende del profesionalismo, de la contracci&oacute;n al trabajo y de la entrega que cada uno de ustedes pone en el desempe&ntilde;o de su funci&oacute;n&rdquo;. Y agreg&oacute; que &ldquo;por ello, y entendiendo lo fundamental de este rol, es que como Gobierno est&aacute; planteada la decisi&oacute;n pol&iacute;tica de contribuir con una polic&iacute;a profesionalizada, equipada y formada&rdquo;.<\/p>\n<p>P&eacute;rez record&oacute; que se est&aacute; apostando al trabajo policial invirtiendo en el desarrollo humano de los efectivos, trabajando en una recomposici&oacute;n salarial justa, en la movilidad y jerarquizaci&oacute;n de su trabajo, velando por un sistema de ascensos anual, que ha permitido promover en 2013 a m&aacute;s de 1.700 efectivos, siendo aproximadamente el 55 % del personal autopropuesto.<\/p>\n<p>Durante el festejo, la banda de la Polic&iacute;a &ldquo;Cabo 1&ordm; Ramet&rdquo; homenaje&oacute; a los presentes. Se hizo entrega de menciones especiales y premios.<\/p>\n<p>El Gobernador estuvo acompa&ntilde;ado por el vicegobernador Carlos Ciurca y todas las autoridades del Ministerio de Seguridad, encabezadas por el ministro Comperatore, adem&aacute;s de la Jefa de Gabinete del Ministerio de Seguridad, Anal&iacute;a Rodriguez; el Subsecretario de Seguridad, Antonio Carrizo; el Subsecretario de Relaciones con la Comunidad, Alejandro Gil; y el director general de la Polic&iacute;a, Juan Carlos Caleri.<\/p>\n<p><img src=\"\/files\/media\/medium_20_10_14aniversario_policia.jpg\" class=\" img-responsive center-block\"><\/p>\n<\/body><\/html>\n","protected":false},"excerpt":{"rendered":"Durante la celebraci\u00f3n por los 204 a\u00f1os de la fuerza policial mendocina, el Gobernador dijo que se sumaron $132 millones en equipamiento. Remarc\u00f3 adem\u00e1s que tiene la decisi\u00f3n pol\u00edtica de contribuir a una polic\u00eda profesional y formada.","protected":false},"author":3,"featured_media":0,"comment_status":"open","ping_status":"open","sticky":false,"template":"","format":"standard","meta":[],"categories":[19],"tags":[],"_links":{"self":[{"href":"https:\/\/www.mendoza.gov.ar\/prensa\/wp-json\/wp\/v2\/posts\/19192"}],"collection":[{"href":"https:\/\/www.mendoza.gov.ar\/prensa\/wp-json\/wp\/v2\/posts"}],"about":[{"href":"https:\/\/www.mendoza.gov.ar\/prensa\/wp-json\/wp\/v2\/types\/post"}],"author":[{"embeddable":true,"href":"https:\/\/www.mendoza.gov.ar\/prensa\/wp-json\/wp\/v2\/users\/3"}],"replies":[{"embeddable":true,"href":"https:\/\/www.mendoza.gov.ar\/prensa\/wp-json\/wp\/v2\/comments?post=19192"}],"version-history":[{"count":0,"href":"https:\/\/www.mendoza.gov.ar\/prensa\/wp-json\/wp\/v2\/posts\/19192\/revisions"}],"wp:attachment":[{"href":"https:\/\/www.mendoza.gov.ar\/prensa\/wp-json\/wp\/v2\/media?parent=19192"}],"wp:term":[{"taxonomy":"category","embeddable":true,"href":"https:\/\/www.mendoza.gov.ar\/prensa\/wp-json\/wp\/v2\/categories?post=19192"},{"taxonomy":"post_tag","embeddable":true,"href":"https:\/\/www.mendoza.gov.ar\/prensa\/wp-json\/wp\/v2\/tags?post=19192"}],"curies":[{"name":"wp","href":"https:\/\/api.w.org\/{rel}","templated":true}]}}