{"id":19218,"date":"2014-10-17T09:49:00","date_gmt":"2014-10-17T09:49:00","guid":{"rendered":"http:\/\/prensa.wp2.mendoza.gov.ar\/perez-inauguro-una-nueva-biblioteca-publica-en-maipu\/"},"modified":"2014-10-17T09:49:00","modified_gmt":"2014-10-17T09:49:00","slug":"perez-inauguro-una-nueva-biblioteca-publica-en-maipu","status":"publish","type":"post","link":"https:\/\/www.mendoza.gov.ar\/prensa\/perez-inauguro-una-nueva-biblioteca-publica-en-maipu\/","title":{"rendered":"P\u00e9rez inaugur\u00f3 una nueva biblioteca p\u00fablica en Maip\u00fa"},"content":{"rendered":"<!DOCTYPE html PUBLIC \"-\/\/W3C\/\/DTD HTML 4.0 Transitional\/\/EN\" \"http:\/\/www.w3.org\/TR\/REC-html40\/loose.dtd\">\n<html><body><p>El gobernador Francisco P&eacute;rez encabez&oacute; esta ma&ntilde;ana la inauguraci&oacute;n de&nbsp;la nueva Biblioteca P&uacute;blica de Maip&uacute;, denominada&nbsp;Julio Fern&aacute;ndez Pel&aacute;ez. Se trata del&nbsp;tercer edificio nuevo que se abre&nbsp;en el marco del eje de&nbsp;gesti&oacute;n que tiene como objetivo que&nbsp;todos los departamentos tengan un espacio p&uacute;blico de lectura y cultura.<\/p>\n<p>P&eacute;rez ya dej&oacute; formalmente en funcionamiento las bibliotecas de Lavalle y Tunuy&aacute;n y en los pr&oacute;ximos d&iacute;as ser&aacute; el turno de Santa Rosa.<\/p>\n<p><img src=\"\/files\/media\/medium_MPP_6851.jpg\" class=\" img-responsive center-block\"><\/p>\n<p>&ldquo;Hoy concretamos la apertura de una instituci&oacute;n educativa y cultural que les permitir&aacute; a los maipucinos tener un espacio para la lectura, las expresiones culturales y una sala multimedia para aprovechar las nuevas tecnolog&iacute;as. De esta manera fortalecemos las instituciones existentes porque entendemos que las bibliotecas son espacios promotores de educaci&oacute;n, de valores sociales, de promoci&oacute;n de cultura e informaci&oacute;n y que fomentan mejores seres humanos&rdquo;, asegur&oacute; P&eacute;rez durante el acto.<\/p>\n<p>Luego agreg&oacute;: &ldquo;La Biblioteca p&uacute;blica nos ayuda a potenciar el h&aacute;bito de la lectura en los ni&ntilde;os, estimular la imaginaci&oacute;n y creatividad, facilitar el acceso a la expresi&oacute;n cultural para todos, fomentar el di&aacute;logo entre j&oacute;venes, adultos y ancianos. Estos edificios son espacios de encuentro, que nos permiten relacionarnos y compartir con la cultura y con los otros&rdquo;.<\/p>\n<p>El mandatario provincial anticip&oacute; que por la extensi&oacute;n de Maip&uacute;, si la Comuna tiene un terreno, podr&iacute;a hacerse otra biblioteca p&uacute;blica para el Este de ese departamento.<\/p>\n<p><img src=\"\/files\/media\/medium_MPP_6839.jpg\" class=\" img-responsive center-block\"><\/p>\n<p>El nuevo edificio posee una moderna arquitectura para funcionar con bajo consumo de energ&iacute;a, con acondicionamiento t&eacute;rmico y la instalaci&oacute;n de paneles fotovoltaicos, a fin de obtener energ&iacute;a el&eacute;ctrica solar. La construcci&oacute;n demand&oacute; una inversi&oacute;n de&nbsp;$2,2 millones y fue construida por la empresa CAPSA.<\/p>\n<p>La biblioteca p&uacute;blica&nbsp;Julio Fern&aacute;ndez Pel&aacute;ez&nbsp;se suma a las m&aacute;s de 105 bibliotecas populares que ya funcionan&nbsp;en los 18 departamentos, gestionadas por vecinos que tienen vocaci&oacute;n solidaria y de servicio constructivo con los dem&aacute;s.<\/p>\n<p>El Goberador estuvo acompa&ntilde;ado por el intendente de Maip&uacute;&nbsp;Alejandro Bermejo,&nbsp;los ministros&nbsp;Rolando Baldasso (Infraestructura) y Marizul Iba&ntilde;ez (Cultura), y&nbsp;el senador nacional Adolfo Bermejo.<\/p>\n<p><strong>Homenaje<\/strong><\/p>\n<p>La biblioteca p&uacute;blica de Maip&uacute; fue creada por ordenanza en el '64 y se inaugur&oacute; el 25 de mayo de 1965. Julio Fern&aacute;ndez Pel&aacute;ez era el director de Cultura del departamento&nbsp;en ese momento y en el '72 el Municipio&nbsp;le dio su nombre en reconocimiento por su labor.<\/p>\n<p>Fern&aacute;ndez Pel&aacute;ez dirigi&oacute; la escuela primaria Bernardino Rivadavia. Adem&aacute;s fue Procurador Judicial, diputado provincial (1946-1950), Convencional Constituyente por Mendoza (1948-1949), senador provincial (1951-1955) y m&aacute;s tarde&nbsp;apoderado de Bodegas y Vi&ntilde;edos Giol.<\/p>\n<\/body><\/html>\n","protected":false},"excerpt":{"rendered":"Es la tercera que se inaugura en el marco del eje de gesti\u00f3n que apunta a que todos los departamentos tengan un espacio p\u00fablico para la cultura y la lectura. Tiene modernas instalaciones y su construcci\u00f3n demand\u00f3 una inversi\u00f3n de $2,2 millones.","protected":false},"author":3,"featured_media":0,"comment_status":"open","ping_status":"open","sticky":false,"template":"","format":"standard","meta":[],"categories":[19],"tags":[],"_links":{"self":[{"href":"https:\/\/www.mendoza.gov.ar\/prensa\/wp-json\/wp\/v2\/posts\/19218"}],"collection":[{"href":"https:\/\/www.mendoza.gov.ar\/prensa\/wp-json\/wp\/v2\/posts"}],"about":[{"href":"https:\/\/www.mendoza.gov.ar\/prensa\/wp-json\/wp\/v2\/types\/post"}],"author":[{"embeddable":true,"href":"https:\/\/www.mendoza.gov.ar\/prensa\/wp-json\/wp\/v2\/users\/3"}],"replies":[{"embeddable":true,"href":"https:\/\/www.mendoza.gov.ar\/prensa\/wp-json\/wp\/v2\/comments?post=19218"}],"version-history":[{"count":0,"href":"https:\/\/www.mendoza.gov.ar\/prensa\/wp-json\/wp\/v2\/posts\/19218\/revisions"}],"wp:attachment":[{"href":"https:\/\/www.mendoza.gov.ar\/prensa\/wp-json\/wp\/v2\/media?parent=19218"}],"wp:term":[{"taxonomy":"category","embeddable":true,"href":"https:\/\/www.mendoza.gov.ar\/prensa\/wp-json\/wp\/v2\/categories?post=19218"},{"taxonomy":"post_tag","embeddable":true,"href":"https:\/\/www.mendoza.gov.ar\/prensa\/wp-json\/wp\/v2\/tags?post=19218"}],"curies":[{"name":"wp","href":"https:\/\/api.w.org\/{rel}","templated":true}]}}