{"id":19312,"date":"2014-10-09T13:51:00","date_gmt":"2014-10-09T13:51:00","guid":{"rendered":"http:\/\/prensa.wp2.mendoza.gov.ar\/perez-y-anibal-fernandez-presentaron-el-champions-trophy-2014\/"},"modified":"2014-10-09T13:51:00","modified_gmt":"2014-10-09T13:51:00","slug":"perez-y-anibal-fernandez-presentaron-el-champions-trophy-2014","status":"publish","type":"post","link":"https:\/\/www.mendoza.gov.ar\/prensa\/perez-y-anibal-fernandez-presentaron-el-champions-trophy-2014\/","title":{"rendered":"P\u00e9rez y An\u00edbal Fern\u00e1ndez presentaron el &quot;Champions Trophy 2014&quot;"},"content":{"rendered":"<!DOCTYPE html PUBLIC \"-\/\/W3C\/\/DTD HTML 4.0 Transitional\/\/EN\" \"http:\/\/www.w3.org\/TR\/REC-html40\/loose.dtd\">\n<html><body><p>El gobernador Francisco P&eacute;rez, junto con el ministro de Deportes, Marcelo Locamuz, y el presidente de la Confederaci&oacute;n Argentina de Hockey sobre C&eacute;sped, An&iacute;bal Fern&aacute;ndez, presentaron este mediod&iacute;a el 21&ordm; Champions Trophy que se realizar&aacute; en Mendoza desde el 29 de noviembre hasta el 7 de diciembre y se transmitir&aacute; en vivo por el canal Acequia, que le da mucha importancia a la actividad deportiva especialmente al hockey, seg&uacute;n lo anunci&oacute; el mandatario provincial.<\/p>\n<p><span style=\"font-size: 13px;line-height: 1.6em\">En el acto de presentaci&oacute;n, An&iacute;bal Fern&aacute;ndez asegur&oacute; que &ldquo;estamos a buen nivel, a un nivel f&iacute;sico superlativo que nos permite competir a niveles internacionales&rdquo;. El funcionario nacional destac&oacute; que &nbsp;&ldquo;los 8 principales equipos del mundo estar&aacute;n en Mendoza jugando la Champions Trophy y esto es un honor para nosotros: que lo mejor del mundo est&eacute; ac&aacute;&rdquo;.<\/span><\/p>\n<p><span style=\"font-size: 13px;line-height: 1.6em\">En tanto, P&eacute;rez record&oacute; que en alg&uacute;n momento se cuestion&oacute; la construcci&oacute;n de la cancha de hockey &ldquo;pero sin esta infraestructura, hoy no ser&iacute;a posible que Mendoza sea sede (por primera vez) de un campeonato como este&rdquo; afirm&oacute; el mandatario.<\/span><\/p>\n<p><span style=\"font-size: 13px;line-height: 1.6em\">Asegur&oacute; que &ldquo;este evento reviste importancia no solo porque posiciona nuestra provincia a nivel mundial sino tambi&eacute;n porque se despide la gran Luciana Aymar, que es un ejemplo deportivo para nuestros chicos&rdquo;<\/span><\/p>\n<p><span style=\"font-size: 13px;line-height: 1.6em\">Posteriormente el Gobernador de los mendocinos anunci&oacute; que se ha invertido en 23 canchas en todo el territorio provincial, con el objetivo de llegar a los 18 departamentos para contener a ni&ntilde;os, ni&ntilde;as y j&oacute;venes que no est&eacute;n federados en los clubes a trav&eacute;s de la pr&aacute;ctica de este creciente deporte.<\/span><\/p>\n<p><span style=\"font-size: 13px;line-height: 1.6em\">Los departamentos de Santa Rosa, Malarg&uuml;e, Tunuy&aacute;n y Rivadavia ya cuentan con canchas de hockey de c&eacute;sped sint&eacute;ticos municipales.<\/span><\/p>\n<p><strong style=\"font-size: 13px;line-height: 1.6em\">Champions Trophy Mendoza 2014<\/strong><\/p>\n<p><span style=\"font-size: 13px;line-height: 1.6em\">El torneo servir&aacute; de marco para que la leona rosarina Luciana Aymar se despida del deporte profesional junto con el seleccionado femenino de hockey sobre c&eacute;sped. Aymar estuvo 15 a&ntilde;os en el seleccionado y fue ocho veces premiada como la mejor del mundo.<\/span><\/p>\n<p><span style=\"font-size: 13px;line-height: 1.6em\">Contra el seleccionado alem&aacute;n jugar&aacute;n las mendocinas M<\/span><span style=\"font-size: 13px;line-height: 1.6em\">acarena Rodr&iacute;guez (<\/span><span style=\"font-size: 13px;line-height: 1.6em\">pr&oacute;xima capitana ya confirmada),<\/span><span style=\"font-size: 13px;line-height: 1.6em\">&nbsp;Pity D&rsquo;Elia y est&aacute;n prepar&aacute;ndose f&iacute;sicamente por si se las convoca Luciana Molina, Mariana Scandura y Gabriela Koltes, destacadas deportistas de nuestra tierra.<\/span><\/p>\n<p><span style=\"font-size: 13px;line-height: 1.6em\">La competencia, que es la tercera en importancia en el mundo, luego de los Juegos Ol&iacute;mpicos y del Mundial, se jugar&aacute; en la Estadio Mendocino de Hockey, ubicado en la Villa Deportiva<\/span><\/p>\n<p><span style=\"font-size: 13px;line-height: 1.6em\">Los pa&iacute;ses participantes de este evento son en el grupo A: Argentina,&nbsp; Australia, Inglaterra y Alemania. En el grupo B: Holanda, Nueva Zelanda, China y Jap&oacute;n.<\/span><\/p>\n<p><span style=\"font-size: 13px;line-height: 1.6em\">Junto al Gobernador, adem&aacute;s de An&iacute;bal Fern&aacute;ndez y Marcelo Locamuz, estuvieron el secretario de la Confederaci&oacute;n Argentina de Hockey, Mario Galeano; y el ministro de Salud, Mat&iacute;as Roby; adem&aacute;s de funcionarios locales y deportistas.<\/span><\/p>\n<\/body><\/html>\n","protected":false},"excerpt":{"rendered":"El torneo se jugar\u00e1 en Mendoza y ser\u00e1 transmitido por Acequia. En la apertura jugar\u00e1n las Leonas contra la selecci\u00f3n alemana. Esta competencia servir\u00e1 de despedida para la carrera de Aymar.","protected":false},"author":3,"featured_media":0,"comment_status":"open","ping_status":"open","sticky":false,"template":"","format":"standard","meta":[],"categories":[19],"tags":[],"_links":{"self":[{"href":"https:\/\/www.mendoza.gov.ar\/prensa\/wp-json\/wp\/v2\/posts\/19312"}],"collection":[{"href":"https:\/\/www.mendoza.gov.ar\/prensa\/wp-json\/wp\/v2\/posts"}],"about":[{"href":"https:\/\/www.mendoza.gov.ar\/prensa\/wp-json\/wp\/v2\/types\/post"}],"author":[{"embeddable":true,"href":"https:\/\/www.mendoza.gov.ar\/prensa\/wp-json\/wp\/v2\/users\/3"}],"replies":[{"embeddable":true,"href":"https:\/\/www.mendoza.gov.ar\/prensa\/wp-json\/wp\/v2\/comments?post=19312"}],"version-history":[{"count":0,"href":"https:\/\/www.mendoza.gov.ar\/prensa\/wp-json\/wp\/v2\/posts\/19312\/revisions"}],"wp:attachment":[{"href":"https:\/\/www.mendoza.gov.ar\/prensa\/wp-json\/wp\/v2\/media?parent=19312"}],"wp:term":[{"taxonomy":"category","embeddable":true,"href":"https:\/\/www.mendoza.gov.ar\/prensa\/wp-json\/wp\/v2\/categories?post=19312"},{"taxonomy":"post_tag","embeddable":true,"href":"https:\/\/www.mendoza.gov.ar\/prensa\/wp-json\/wp\/v2\/tags?post=19312"}],"curies":[{"name":"wp","href":"https:\/\/api.w.org\/{rel}","templated":true}]}}