{"id":19328,"date":"2014-10-08T13:45:00","date_gmt":"2014-10-08T13:45:00","guid":{"rendered":"http:\/\/prensa.wp2.mendoza.gov.ar\/perez-y-alvarez-avanzan-en-financiamiento-de-la-caf-para-proyectos-de-irrigacion\/"},"modified":"2014-10-08T13:45:00","modified_gmt":"2014-10-08T13:45:00","slug":"perez-y-alvarez-avanzan-en-financiamiento-de-la-caf-para-proyectos-de-irrigacion","status":"publish","type":"post","link":"https:\/\/www.mendoza.gov.ar\/prensa\/perez-y-alvarez-avanzan-en-financiamiento-de-la-caf-para-proyectos-de-irrigacion\/","title":{"rendered":"P\u00e9rez y \u00c1lvarez avanzan en financiamiento de la CAF para proyectos de Irrigaci\u00f3n"},"content":{"rendered":"<!DOCTYPE html PUBLIC \"-\/\/W3C\/\/DTD HTML 4.0 Transitional\/\/EN\" \"http:\/\/www.w3.org\/TR\/REC-html40\/loose.dtd\">\n<html><body><div>El gobernador Francisco P&eacute;rez y el titular del Departamento General de Irrigaci&oacute;n, Jos&eacute; Luis &Aacute;lvarez, se reunieron en Buenos Aires con el presidente de la Corporaci&oacute;n Andina de Fomento (CAF) en Argentina, Rub&eacute;n Ram&iacute;rez. En el encuentro se analizaron las posibilidades de la Provincia para acceder a financiamiento para tres proyectos.<\/div>\n<div>&nbsp;<\/div>\n<div>En los planes que se presentaron ante autoridades de la CAF est&aacute;n incluidos: un programa para la implementaci&oacute;n de reservorios comunitarios en &aacute;reas de riego en Mendoza, un plan de acci&oacute;n para la recuperaci&oacute;n de la vida &uacute;til del embalse El Carrizal y la modernizaci&oacute;n del sistema de riego del margen derecho del R&iacute;o Mendoza, en Luj&aacute;n Sur.<\/div>\n<div>&nbsp;<\/div>\n<div>Luego de la reuni&oacute;n, Ram&iacute;rez anticip&oacute; que &ldquo;en el primer trimestre del a&ntilde;o que viene vamos a hacer el Foro del Agua a nivel de Am&eacute;rica Latina en Mendoza, para poner como ejemplo este efecto as&iacute; como una reuni&oacute;n muy importante de nivel continental de j&oacute;venes empresarios, emprendedores de Am&eacute;rica Latina destacando el hecho de que la provincia tambi&eacute;n tiene un ejemplo en emprendedurismo como es el sacrificio que implica abordar uno de los productos tan nobles y conocidos como identidad de la Argentina que es el vino&rdquo;.<\/div>\n<div>&nbsp;<\/div>\n<div>Mientras que &Aacute;lvarez evalu&oacute; el encuentro como muy positivo y detall&oacute; que &ldquo;se pudieron explicar las necesidades que tiene la provincia desde el punto de vista financiero y tratar de seguir en los temas que llevamos junto a la CAF desde hace casi un a&ntilde;o en la cual venimos trabajando como provincia directamente con ellos en distintos proyectos y donde obviamente tratamos de que vean la potencialidad que tiene Mendoza. Y que se pueda colaborar y trabajar en proyectos asociativos entre las empresas, el Estado provincial y el resto de los pa&iacute;ses miembros de la Corporaci&oacute;n Andina de Fomento&rdquo;.<\/div>\n<div>&nbsp;<\/div>\n<div>El titular de Irrigaci&oacute;n explic&oacute; que &ldquo;uno de los objetivos era evaluar el financiamiento que podamos obtener como provincia de manera directa a trav&eacute;s de la corporaci&oacute;n. Y presentarle tanto un proyecto de financiamiento al Fondo de Transformaci&oacute;n y Crecimiento, como tres proyectos para optimizar el uso del recurso del agua con la provincia, a trav&eacute;s del Departamento General de Irrigaci&oacute;n&rdquo;.&nbsp;<\/div>\n<div>&nbsp;<\/div>\n<div>Ram&iacute;rez destac&oacute; la visita del Gobernador, quien &ldquo;representa para CAF una de las regiones m&aacute;s productivas e importantes en Am&eacute;rica Latina, y por lo tanto tenemos un compromiso sustantivo con Mendoza. Y ese compromiso lo estamos transformando en una serie de iniciativas que apuntan a abordar aspectos relacionados a uno de los temas que tiene que ver con el ambiente y que es el manejo del recurso h&iacute;drico, de las aguas&rdquo;, seg&uacute;n dijo.<\/div>\n<div>&nbsp;<\/div>\n<div>El titular de CAF en Argentina cont&oacute; tambi&eacute;n que se viene financiando una serie de proyectos a trav&eacute;s de Prosap, con el Ministerio de Agricultura y Ganader&iacute;a. &ldquo;La idea es poder orientar los recursos que puedan atender las iniciativas que se est&aacute;n desarrollando en el &aacute;mbito de Irrigaci&oacute;n, en donde hemos generado el conocimiento de esa experiencia que es exitosa que est&aacute; emprendiendo la Provincia de Mendoza&rdquo;, seg&uacute;n asegur&oacute;. Y agreg&oacute;: &ldquo;Es m&aacute;s la estamos llevando a nivel regional, recientemente hemos invitado al Ministro de Agricultura de Ecuador que ha visitado la provincia que ha recorrido los emprendimientos y que invito a una delegaci&oacute;n de la provincia para que puedan replicar esa experiencia en Ecuador. Y la haremos extensiva a otros pa&iacute;ses de la regi&oacute;n&rdquo;.<\/div>\n<div>&nbsp;<\/div>\n<div>Ram&iacute;rez ponder&oacute; la relaci&oacute;n con Mendoza y dijo que &ldquo;el otro aspecto en que estamos trabajando es el financiamiento a la transformaci&oacute;n productiva y a las peque&ntilde;as y medianas empresas de la provincia. Y vamos a trabajar para poder identificar oportunidades para generar fondos que permitan recursos frescos, genuinos, que atiendan al financiamiento de la producci&oacute;n en el sector privado mendocino&rdquo;.&nbsp;<\/div>\n<div>&nbsp;<\/div>\n<div>El Departamento General de Irrigaci&oacute;n est&aacute; a cargo de la ejecuci&oacute;n de tres proyectos que beneficiar&aacute;n a la red h&iacute;drica de Mendoza, en el contexto de las crisis h&iacute;dricas consecutivas que viene sufriendo la provincia. Se trata de alternativas para contrarrestar la problem&aacute;tica.<\/div>\n<div>&nbsp;<\/div>\n<div><strong>Los proyectos que se eval&uacute;an<\/strong><\/div>\n<div>&nbsp;<\/div>\n<div>-Programa para la implementaci&oacute;n de reservorios comunitarios en &aacute;reas de riego en Mendoza. Propone la construcci&oacute;n de una serie de reservorios para su uso comunitario ubicados en diversos sitios de la red de distribuci&oacute;n p&uacute;blica de agua de riego. La idea es mejorar la disponibilidad del agua de riego disminuyendo la frecuencia de entrega. Adem&aacute;s pretende generar condiciones que permitan al agricultor la diversificaci&oacute;n de su producci&oacute;n y facilitar la incorporaci&oacute;n de mejoras en los m&eacute;todos de riego.<\/div>\n<div>&nbsp;<\/div>\n<div>-Plan de acci&oacute;n para la recuperaci&oacute;n de la vida &uacute;til del embalse El Carrizal. Tiene como finalidad preservar la disponibilidad del recurso h&iacute;drico indispensable para el desarrollo sustentable del &aacute;rea de proyecto y a la mejora de la calidad de vida, incrementando la producci&oacute;n promedio de la zona por la sostenibilidad de la garant&iacute;a de riego. Especialmente considerando que el volumen actual disponible est&aacute; disminuido y la situaci&oacute;n tiende a empeorar si no se aplican las acciones propuestas.<\/div>\n<div>&nbsp;<\/div>\n<div>&ndash; Modernizaci&oacute;n del sistema de riego del margen derecho del R&iacute;o Mendoza, en Luj&aacute;n Sur. La idea del tercer proyecto es contribuir al desarrollo agr&iacute;cola sostenido en Luj&aacute;n Sur mediante la modernizaci&oacute;n de la red de riego y el apoyo tecnol&oacute;gico a los productores y las organizaciones de usuarios.<\/div>\n<\/body><\/html>\n","protected":false},"excerpt":{"rendered":"El Gobernador y el titular de Irrigaci\u00f3n se reunieron con el presidente de la Corporaci\u00f3n Andina de Fomento en Buenos Aires. Mendoza ser\u00e1 sede del Foro del Agua de Am\u00e9rica Latina en 2015.","protected":false},"author":3,"featured_media":0,"comment_status":"open","ping_status":"open","sticky":false,"template":"","format":"standard","meta":[],"categories":[19],"tags":[],"_links":{"self":[{"href":"https:\/\/www.mendoza.gov.ar\/prensa\/wp-json\/wp\/v2\/posts\/19328"}],"collection":[{"href":"https:\/\/www.mendoza.gov.ar\/prensa\/wp-json\/wp\/v2\/posts"}],"about":[{"href":"https:\/\/www.mendoza.gov.ar\/prensa\/wp-json\/wp\/v2\/types\/post"}],"author":[{"embeddable":true,"href":"https:\/\/www.mendoza.gov.ar\/prensa\/wp-json\/wp\/v2\/users\/3"}],"replies":[{"embeddable":true,"href":"https:\/\/www.mendoza.gov.ar\/prensa\/wp-json\/wp\/v2\/comments?post=19328"}],"version-history":[{"count":0,"href":"https:\/\/www.mendoza.gov.ar\/prensa\/wp-json\/wp\/v2\/posts\/19328\/revisions"}],"wp:attachment":[{"href":"https:\/\/www.mendoza.gov.ar\/prensa\/wp-json\/wp\/v2\/media?parent=19328"}],"wp:term":[{"taxonomy":"category","embeddable":true,"href":"https:\/\/www.mendoza.gov.ar\/prensa\/wp-json\/wp\/v2\/categories?post=19328"},{"taxonomy":"post_tag","embeddable":true,"href":"https:\/\/www.mendoza.gov.ar\/prensa\/wp-json\/wp\/v2\/tags?post=19328"}],"curies":[{"name":"wp","href":"https:\/\/api.w.org\/{rel}","templated":true}]}}