{"id":19336,"date":"2014-10-07T20:44:00","date_gmt":"2014-10-07T20:44:00","guid":{"rendered":"http:\/\/prensa.wp2.mendoza.gov.ar\/el-gobernador-acordo-con-la-nacion-acciones-para-el-sector-vitivinicola\/"},"modified":"2014-10-07T20:44:00","modified_gmt":"2014-10-07T20:44:00","slug":"el-gobernador-acordo-con-la-nacion-acciones-para-el-sector-vitivinicola","status":"publish","type":"post","link":"https:\/\/www.mendoza.gov.ar\/prensa\/el-gobernador-acordo-con-la-nacion-acciones-para-el-sector-vitivinicola\/","title":{"rendered":"El Gobernador acord\u00f3 con la Naci\u00f3n acciones para el sector vitivin\u00edcola"},"content":{"rendered":"<!DOCTYPE html PUBLIC \"-\/\/W3C\/\/DTD HTML 4.0 Transitional\/\/EN\" \"http:\/\/www.w3.org\/TR\/REC-html40\/loose.dtd\">\n<html><body><p>El gobernador Francisco P&eacute;rez particip&oacute; en Casa Rosada en una reuni&oacute;n con el jefe de Gabinete, Jorge Capitanich, algunos gobernadores de provincias vitivin&iacute;colas y los equipos t&eacute;cnicos respectivos.<\/p>\n<p><img src=\"\/files\/media\/medium_07_10_14gobernador_capitanich.jpg\" class=\" img-responsive center-block\"><\/p>\n<p>En el encuentro que se realiz&oacute; esta tarde en Buenos Aires, y en el cual tambi&eacute;n participaron los ministros Marcelo Costa (Agroindustria) y Rodolfo Lafalla (Justicia, Trabajo y Gobierno), se acord&oacute; avanzar en los siguientes puntos:<\/p>\n<p>-En primer lugar, la semana pr&oacute;xima se avanzar&aacute; en la reglamentaci&oacute;n de la ley sobre la creaci&oacute;n de un observatorio de precios, en la cual el sector vitivin&iacute;cola tendr&aacute; prioridad y que ser&aacute; trabajado en conjunto con la secretar&iacute;a de Comercio de la Naci&oacute;n.<\/p>\n<p>-Adem&aacute;s se resolvi&oacute; el tema de la corresponsabilidad gremial, de tal manera que los productores vender&aacute;n el vino con el compromiso formal de que cuando cobren esa venta se les retendr&aacute; la corresponsabilidad.<\/p>\n<p>-Aquellos que exporten vino recibir&aacute;n un reintegro inmediato y al contado de la AFIP. En este punto se acord&oacute; adem&aacute;s evaluar los retrasos que hay en los reintegros que hasta ahora tienen alguna demora y agilizar la devoluci&oacute;n para los que tengan impuestos al d&iacute;a.<\/p>\n<p>A la par, P&eacute;rez y Costa, junto con los funcionarios del &aacute;rea trabajar&aacute;n en conjunto en el decreto provincial que contendr&aacute; las nueve acciones realizadas por el Ejecutivo provincial. Este decreto podr&iacute;a ser firmado entre jueves y viernes, en funci&oacute;n de los avances de las reuniones que continuar&aacute;n ma&ntilde;ana en el Ministerio de Agricultura de la Naci&oacute;n.<\/p>\n<p><strong style=\"font-size: 13.333333969116211px\"><a href=\"https:\/\/www.mendoza.gov.ar\/prensa\/files\/documents\/Decreto_Vitivinicola_pdf.pdf\">Decreto en pol&iacute;ticas vitivn&iacute;colas<\/a><\/strong><\/p>\n<p><img src=\"\/files\/media\/medium_07_10_14gobernadores_vitivinicolas.jpg\" class=\" img-responsive center-block\"><\/p>\n<p><strong>P&eacute;rez particip&oacute; del acto por el nuevo C&oacute;digo Civil y Comercial<\/strong><\/p>\n<p>El gobernador Francisco P&eacute;rez particip&oacute; en el acto que encabez&oacute; la Presidenta Cristina Fern&aacute;ndez de Kirchner para promulgar el nuevo C&oacute;digo Civil y Comercial&nbsp;en el Museo del Bicentenario, en Casa Rosada.<\/p>\n<p><img src=\"\/files\/media\/medium_gober.jpg\" class=\" img-responsive center-block\"><\/p>\n<\/body><\/html>\n","protected":false},"excerpt":{"rendered":"Junto a los ministros Marcelo Costa y Rodolfo Lafalla, y mandatarios de otras provincias vitivin\u00edcolas, P\u00e9rez acord\u00f3 varios puntos con el jefe de Gabinete, Jorge Capitanich. Luego particip\u00f3 en el acto para promulgar el nuevo C\u00f3digo Civil y Comercial.","protected":false},"author":3,"featured_media":0,"comment_status":"open","ping_status":"open","sticky":false,"template":"","format":"standard","meta":[],"categories":[19],"tags":[],"_links":{"self":[{"href":"https:\/\/www.mendoza.gov.ar\/prensa\/wp-json\/wp\/v2\/posts\/19336"}],"collection":[{"href":"https:\/\/www.mendoza.gov.ar\/prensa\/wp-json\/wp\/v2\/posts"}],"about":[{"href":"https:\/\/www.mendoza.gov.ar\/prensa\/wp-json\/wp\/v2\/types\/post"}],"author":[{"embeddable":true,"href":"https:\/\/www.mendoza.gov.ar\/prensa\/wp-json\/wp\/v2\/users\/3"}],"replies":[{"embeddable":true,"href":"https:\/\/www.mendoza.gov.ar\/prensa\/wp-json\/wp\/v2\/comments?post=19336"}],"version-history":[{"count":0,"href":"https:\/\/www.mendoza.gov.ar\/prensa\/wp-json\/wp\/v2\/posts\/19336\/revisions"}],"wp:attachment":[{"href":"https:\/\/www.mendoza.gov.ar\/prensa\/wp-json\/wp\/v2\/media?parent=19336"}],"wp:term":[{"taxonomy":"category","embeddable":true,"href":"https:\/\/www.mendoza.gov.ar\/prensa\/wp-json\/wp\/v2\/categories?post=19336"},{"taxonomy":"post_tag","embeddable":true,"href":"https:\/\/www.mendoza.gov.ar\/prensa\/wp-json\/wp\/v2\/tags?post=19336"}],"curies":[{"name":"wp","href":"https:\/\/api.w.org\/{rel}","templated":true}]}}