{"id":19346,"date":"2014-10-07T11:16:00","date_gmt":"2014-10-07T11:16:00","guid":{"rendered":"http:\/\/prensa.wp2.mendoza.gov.ar\/el-gobernador-recibio-a-la-embajadora-de-sudafrica-en-argentina\/"},"modified":"2014-10-07T11:16:00","modified_gmt":"2014-10-07T11:16:00","slug":"el-gobernador-recibio-a-la-embajadora-de-sudafrica-en-argentina","status":"publish","type":"post","link":"https:\/\/www.mendoza.gov.ar\/prensa\/el-gobernador-recibio-a-la-embajadora-de-sudafrica-en-argentina\/","title":{"rendered":"El Gobernador recibi\u00f3 a la embajadora de Sud\u00e1frica en Argentina"},"content":{"rendered":"<!DOCTYPE html PUBLIC \"-\/\/W3C\/\/DTD HTML 4.0 Transitional\/\/EN\" \"http:\/\/www.w3.org\/TR\/REC-html40\/loose.dtd\">\n<html><body><p>El gobernador Francisco P&eacute;rez recibi&oacute; en Casa de Gobierno a la embajadora de Sud&aacute;frica en Argentina, Zenani Dlamini, hija de Nelson Mandela. La diplom&aacute;tica visita por primera vez Mendoza con el objetivo de evaluar posibles &aacute;reas de cooperaci&oacute;n entre ese pa&iacute;s y nuestra provincia. En la reuni&oacute;n tambi&eacute;n participaron autoridades provinciales y directivos y alumnos de la escuela Nelson Mandela, ubicada en Capital.<\/p>\n<p>El mandatario provincial explic&oacute; a Dlamini cu&aacute;les son las ventajas econ&oacute;micas, geopol&iacute;ticas y estrat&eacute;gicas de Mendoza y la invit&oacute; formalmente a participar en la pr&oacute;xima edici&oacute;n de la Fiesta Nacional de la Vendimia, que se realizar&aacute; el 6, 7 y 8 de marzo del a&ntilde;o que viene.<\/p>\n<p><img src=\"\/files\/media\/medium_DSC_6084.jpg\" class=\" img-responsive center-block\"><\/p>\n<p>El objetivo principal de la visita de la representante diplom&aacute;tica es realizar una misi&oacute;n exploratoria para analizar potenciales &aacute;reas de cooperaci&oacute;n entre Sud&aacute;frica y Mendoza.<\/p>\n<p>Dlamini permanecer&aacute; en la provincia hasta ma&ntilde;ana y su agenda incluye adem&aacute;s reuniones con empresarios con representaci&oacute;n sudafricana en suelo local y visitas a vi&ntilde;edos y bodegas.<\/p>\n<p>Mariela Figueres, regente de la escuela Nelson Mandela, acompa&ntilde;ada de las alumnas de 2&ordm; a&ntilde;o Janet Mariana Romero Cruz, Julieta Russo y Josefina Villegas, mantuvieron una charla con Dlamini y con P&eacute;rez.<\/p>\n<p>La embajadora dialog&oacute; con las alumnas y les pregunt&oacute; qu&eacute; carreras pensaban estudiar cuando finalizaran la secundaria, en tanto, el mandatario indic&oacute; que se iban a realizar las gestiones para que este establecimiento cuente con edificio propio.<\/p>\n<p>Como parte de las actividades que la embajadora realizar&aacute; en nuestra provincia, tras el encuentro en la Gobernaci&oacute;n, se acord&oacute;&nbsp; una visita esta tarde de Dlamini a la escuela que cuando se cre&oacute; en 2007, fue bautizada por decisi&oacute;n de sus alumnos con el nombre de quien es recordado&nbsp; como el padre de la denominada Naci&oacute;n Arcoiris.<\/p>\n<\/body><\/html>\n","protected":false},"excerpt":{"rendered":"Zenani Dlamini, hija del l\u00edder Nelson Mandela, lleg\u00f3 a Mendoza para mantener  reuniones que tienen como objetivo fortalecer las relaciones entre su pa\u00eds y nuestra provincia. Tambi\u00e9n, visitar\u00e1 una escuela que lleva el nombre de su padre.","protected":false},"author":3,"featured_media":0,"comment_status":"open","ping_status":"open","sticky":false,"template":"","format":"standard","meta":[],"categories":[19],"tags":[],"_links":{"self":[{"href":"https:\/\/www.mendoza.gov.ar\/prensa\/wp-json\/wp\/v2\/posts\/19346"}],"collection":[{"href":"https:\/\/www.mendoza.gov.ar\/prensa\/wp-json\/wp\/v2\/posts"}],"about":[{"href":"https:\/\/www.mendoza.gov.ar\/prensa\/wp-json\/wp\/v2\/types\/post"}],"author":[{"embeddable":true,"href":"https:\/\/www.mendoza.gov.ar\/prensa\/wp-json\/wp\/v2\/users\/3"}],"replies":[{"embeddable":true,"href":"https:\/\/www.mendoza.gov.ar\/prensa\/wp-json\/wp\/v2\/comments?post=19346"}],"version-history":[{"count":0,"href":"https:\/\/www.mendoza.gov.ar\/prensa\/wp-json\/wp\/v2\/posts\/19346\/revisions"}],"wp:attachment":[{"href":"https:\/\/www.mendoza.gov.ar\/prensa\/wp-json\/wp\/v2\/media?parent=19346"}],"wp:term":[{"taxonomy":"category","embeddable":true,"href":"https:\/\/www.mendoza.gov.ar\/prensa\/wp-json\/wp\/v2\/categories?post=19346"},{"taxonomy":"post_tag","embeddable":true,"href":"https:\/\/www.mendoza.gov.ar\/prensa\/wp-json\/wp\/v2\/tags?post=19346"}],"curies":[{"name":"wp","href":"https:\/\/api.w.org\/{rel}","templated":true}]}}