{"id":19363,"date":"2014-10-06T10:19:00","date_gmt":"2014-10-06T10:19:00","guid":{"rendered":"http:\/\/prensa.wp2.mendoza.gov.ar\/perez-firmo-el-inicio-de-obras-del-nuevo-sistema-de-saneamiento-para-agrelo\/"},"modified":"2014-10-06T10:19:00","modified_gmt":"2014-10-06T10:19:00","slug":"perez-firmo-el-inicio-de-obras-del-nuevo-sistema-de-saneamiento-para-agrelo","status":"publish","type":"post","link":"https:\/\/www.mendoza.gov.ar\/prensa\/perez-firmo-el-inicio-de-obras-del-nuevo-sistema-de-saneamiento-para-agrelo\/","title":{"rendered":"P\u00e9rez firm\u00f3 el inicio de obras del nuevo sistema de saneamiento para Agrelo"},"content":{"rendered":"<!DOCTYPE html PUBLIC \"-\/\/W3C\/\/DTD HTML 4.0 Transitional\/\/EN\" \"http:\/\/www.w3.org\/TR\/REC-html40\/loose.dtd\">\n<html><body><p><span style=\"font-size: 13px;line-height: 1.6em\">El gobernador Francisco P&eacute;rez firm&oacute; esta ma&ntilde;ana junto al intendente Carlos Lopez Puelles, el ministro Rolando Baldasso y al presidente de la empresa contratista, Pablo Ojeda, el inicio de obra para dar comienzo a los trabajos del sistema integral de saneamiento para el distrito de Agrelo, Luj&aacute;n de Cuyo.<\/span><\/p>\n<p>El proyecto comprende la implantaci&oacute;n de un sistema de recolecci&oacute;n, transporte, tratamiento y disposici&oacute;n final segura, para los efluentes domiciliarios l&iacute;quidos de las zonas urbanas y rurales concentradas en la zona sur del Departamento de Lujan de Cuyo.<\/p>\n<p>Tambi&eacute;n se firm&oacute; un acta- acuerdo para incorporar en el Presupuesto 2015 la obra de reconstrucci&oacute;n de la Ruta Provincial N&ordm;15, en el tramo de la Ruta Provincial N&ordm;86 por un monto de $8.235.000.<\/p>\n<p><strong><span style=\"font-size: 12.7272720336914px;line-height: 20.8000011444092px\">Sistema integral de Agrelo<\/span><\/strong><\/p>\n<p>Este es un sistema unitario que colectar&aacute; los l&iacute;quidos efluentes domiciliarios hacia un punto ubicado en el este de las localidades, desde donde nacer&aacute; la colectora m&aacute;xima del sistema, que por gravedad conducir&aacute; los l&iacute;quidos hasta la Planta Depuradora, para su tratamiento y disposici&oacute;n final mediante reuso, de acuerdo con la legislaci&oacute;n vigente en la Provincia de Mendoza.<\/p>\n<p>En la etapa que se inicia, se contempla la ejecuci&oacute;n de las redes y colectores correspondientes a Agrelo y la ejecuci&oacute;n de una planta de tratamiento que se construir&aacute; en terrenos cedidos en comodato por la firma Norton SA.<\/p>\n<p>El presupuesto oficial de la obra asciende a la suma de $21.038.969,40 y beneficiar&aacute; a 900 familias que hoy disponen sus l&iacute;quidos domiciliarios en pozos absorbentes que se encuentran colapsados. &nbsp;<\/p>\n<\/body><\/html>\n","protected":false},"excerpt":{"rendered":"El objetivo es dotar a los habitantes de la zona sur de Luj\u00e1n de Cuyo de un sistema de recolecci\u00f3n, transporte, tratamiento y disposici\u00f3n final segura de los efluentes domiciliarios l\u00edquidos.","protected":false},"author":3,"featured_media":0,"comment_status":"open","ping_status":"open","sticky":false,"template":"","format":"standard","meta":[],"categories":[19],"tags":[],"_links":{"self":[{"href":"https:\/\/www.mendoza.gov.ar\/prensa\/wp-json\/wp\/v2\/posts\/19363"}],"collection":[{"href":"https:\/\/www.mendoza.gov.ar\/prensa\/wp-json\/wp\/v2\/posts"}],"about":[{"href":"https:\/\/www.mendoza.gov.ar\/prensa\/wp-json\/wp\/v2\/types\/post"}],"author":[{"embeddable":true,"href":"https:\/\/www.mendoza.gov.ar\/prensa\/wp-json\/wp\/v2\/users\/3"}],"replies":[{"embeddable":true,"href":"https:\/\/www.mendoza.gov.ar\/prensa\/wp-json\/wp\/v2\/comments?post=19363"}],"version-history":[{"count":0,"href":"https:\/\/www.mendoza.gov.ar\/prensa\/wp-json\/wp\/v2\/posts\/19363\/revisions"}],"wp:attachment":[{"href":"https:\/\/www.mendoza.gov.ar\/prensa\/wp-json\/wp\/v2\/media?parent=19363"}],"wp:term":[{"taxonomy":"category","embeddable":true,"href":"https:\/\/www.mendoza.gov.ar\/prensa\/wp-json\/wp\/v2\/categories?post=19363"},{"taxonomy":"post_tag","embeddable":true,"href":"https:\/\/www.mendoza.gov.ar\/prensa\/wp-json\/wp\/v2\/tags?post=19363"}],"curies":[{"name":"wp","href":"https:\/\/api.w.org\/{rel}","templated":true}]}}