{"id":19374,"date":"2014-10-04T17:18:00","date_gmt":"2014-10-04T17:18:00","guid":{"rendered":"http:\/\/prensa.wp2.mendoza.gov.ar\/perez-aseguro-en-rivadavia-que-la-mesa-de-gobernadores-vitivinicolas-tomara-decisiones-para-toda-la-industria\/"},"modified":"2014-10-04T17:18:00","modified_gmt":"2014-10-04T17:18:00","slug":"perez-aseguro-en-rivadavia-que-la-mesa-de-gobernadores-vitivinicolas-tomara-decisiones-para-toda-la-industria","status":"publish","type":"post","link":"https:\/\/www.mendoza.gov.ar\/prensa\/perez-aseguro-en-rivadavia-que-la-mesa-de-gobernadores-vitivinicolas-tomara-decisiones-para-toda-la-industria\/","title":{"rendered":"P\u00e9rez asegur\u00f3 en Rivadavia que la mesa de gobernadores vitivin\u00edcolas tomar\u00e1 decisiones para toda la industria"},"content":{"rendered":"<!DOCTYPE html PUBLIC \"-\/\/W3C\/\/DTD HTML 4.0 Transitional\/\/EN\" \"http:\/\/www.w3.org\/TR\/REC-html40\/loose.dtd\">\n<html><body><p>El almuerzo de cierre de la Feria Agroindustrial 2014 que se realiz&oacute; en Rivadavia sirvi&oacute; de marco para que el gobernador Francisco P&eacute;rez destacara la importancia de la mesa conjunta que integra con sus pares de provincias vitivin&iacute;colas. &ldquo;Tomaremos decisiones importantes para dar impulso a la industria&rdquo;, dijo.<\/p>\n<p>El mandatario provincial habl&oacute; de la trascendencia que la vitivinicultura tiene para todo el tejido socio productivo de Cuyo, integrando a miles de productores, peque&ntilde;as, medianas y grandes bodegas elaboradoras, fraccionadores y un importante conjunto de proveedores y prestadores de servicios relacionados. En ese contexto, anunci&oacute;: &ldquo;Vengo impulsando un tratamiento integral de los problemas coyunturales y estructurales, por eso hace poco m&aacute;s de un mes nos reunimos con &nbsp;los gobernadores de San Juan y la Rioja. El jueves pasado participamos de la primera reuni&oacute;n de la Mesa de Gobernadores Vitivin&iacute;colas y el martes tomaremos decisiones importantes para toda la industria&rdquo;.<\/p>\n<p><img src=\"\/files\/media\/medium_fai3.jpg\" class=\" img-responsive center-block\"><\/p>\n<p>P&eacute;rez adelant&oacute; que el martes va a firmar un decreto que va a contemplar <strong><a href=\"https:\/\/www.mendoza.gov.ar\/prensa\/files\/documents\/Decreto_Vitivinicola_pdf.pdf\">9 medidas<\/a><\/strong>: 6 coyunturales y&nbsp;3 estructurales: la primera es el fomento de la exportaci&oacute;n de vinos blancos gen&eacute;ricos a granel, con compensaci&oacute;n de impuestos indirectos. Tambi&eacute;n el incentivo de la destilaci&oacute;n de vinos blancos, en donde el productor por cada litro de vino destilado recibir&aacute; una compensaci&oacute;n v&iacute;a subsidio por un monto de hasta $ 1,40. Se reactivar&aacute; el fideicomiso de compra de vino para peque&ntilde;os tenedores y productores, se impulsar&aacute; un acuerdo de precios con los fraccionadores y supermercados con la intervenci&oacute;n de la Secretaria de Comercio de la Naci&oacute;n, fijando un precio m&iacute;nimo al productor y al fraccionador, y en caso de no encontrar los consensos necesarios o la voluntad de las partes de firmar el convenio, solicitaremos al Gobierno Nacional la aplicaci&oacute;n de la Ley de Abastecimiento recientemente aprobada.<\/p>\n<p>Luego habl&oacute; del convenio para mejorar el precio del flete entre Mendoza y Buenos Aires, en por lo menos U$S 350 por contenedor de vino para la exportaci&oacute;n en general.&nbsp;<\/p>\n<p>Se crear&aacute; una nueva l&iacute;nea de cr&eacute;dito en el Fondo de la Transformaci&oacute;n y el Crecimiento para empresas que adelanten la compra de vino espec&iacute;ficamente dirigida a la compra de blancos gen&eacute;ricos, siempre y cuando se abone el precio m&iacute;nimo de referencia que a tal efecto se determine.<\/p>\n<p>Finalmente, el mandatario dijo respecto de este tema: &ldquo;hay q aprovechar q todos est&aacute;n de acuerdo, lo otro que estamos de acuerdo con todos los gobernadores vit&iacute;colas es la creaci&oacute;n de una mesa de precios para la vitivinicultura&rdquo;.<\/p>\n<p>Obras para Rivadavia<\/p>\n<p>En el marco de la Feria Agroindustrial de Rivadavia, el Gobierno firm&oacute; cuatro convenios por un valor de $5 millones correspondientes a obras de servicios de infraestructura b&aacute;sica y educativa.&nbsp;<\/p>\n<p><img src=\"\/files\/media\/medium_fai.jpg\" class=\" img-responsive center-block\"><\/p>\n<p>En primera instancia, el ministro de Infraestructura, Rolando Baldasso, suscribi&oacute; dos convenios para el distrito La Libertad: uno por $1.700.000 para la construcci&oacute;n de un Sal&oacute;n de Usos M&uacute;ltiples para la Escuela Cornelio Saavedra, y otro de $3.000.000 para la construcci&oacute;n de una planta de tratamiento de l&iacute;quidos cloacales. Este sistema integral resolver&aacute; el tratamiento de residuos cloacales de 270 familias.<\/p>\n<p>Adem&aacute;s, se firm&oacute; un tercer convenio para la construcci&oacute;n de una perforaci&oacute;n para agua en el distrito Medrano, por un monto de $690.000.&nbsp;<\/p>\n<p>Para la zona este de la ciudad de Rivadavia (viviendas comprendidas entre las calles Mariano G&oacute;mez, Urquiza, Leandro Alem y Avellaneda), AySAM se comprometi&oacute; a realizar las inversiones y acciones conjuntas para otorgar el servicio de cloacas a 1000 familias por un monto de $3.906.149. Infraestructura licitar&aacute; las obras de la Estaci&oacute;n Elevadora y las instalaciones necesarias para la ampliaci&oacute;n de la capacidad de tratamiento del actual Establecimiento Depurador.<\/p>\n<p>Anuncios en educaci&oacute;n<\/p>\n<p>El Gobernador anunci&oacute; adem&aacute;s en el almuerzo en Rivadavia la firma de un acta para la &nbsp; construcci&oacute;n de tres Jardines Maternales en Medrano, El Mirador y Ciudad por un monto aproximado de $ 6.000.000 que ser&aacute; solventado por el Municipio y la Provincia se compromete al nombramiento de 18 cargos docentes de Nivel Inicial con una inversi&oacute;n de $ 2.600.000 anuales.<\/p>\n<p>Rutas y caminos<\/p>\n<p>P&eacute;rez asegur&oacute; tambi&eacute;n que se incluir&aacute;n &ldquo;en el presupuesto 2015 las partidas necesarias para la construcci&oacute;n por parte de Vialidad Provincial de la primera etapa de la Doble V&iacute;a Acceso a Rivadavia, Jun&iacute;n y San Mart&iacute;n, en el tramo de la Ruta Nacional 7 calle Falucho y la Ruta Provincial 60, con una inversi&oacute;n de $30 millones en sus 3,6 km de extensi&oacute;n.<\/p>\n<p>En el almuerzo el Gobierno entreg&oacute; adem&aacute;s subsidios para promover el crecimiento y fortalecimiento del Este por m&aacute;s de $60.000. Los beneficiarios fueron Modena S.A. (Rivadavia), Gustavo Ram&oacute;n (Rivadavia), Mar&iacute;a Luj&aacute;n Gasparoni (Rivadavia), Jos&eacute; Arnaldo Giacobone (San Mart&iacute;n) y Garavaglia Winery S.A. (San Mart&iacute;n).<\/p>\n<\/body><\/html>\n","protected":false},"excerpt":{"rendered":"El mandatario provincial particip\u00f3 en el almuerzo de cierre de la Feria Agroindustrial 2014. Adem\u00e1s anunci\u00f3 obras para el departamento.","protected":false},"author":3,"featured_media":0,"comment_status":"open","ping_status":"open","sticky":false,"template":"","format":"standard","meta":[],"categories":[19],"tags":[],"_links":{"self":[{"href":"https:\/\/www.mendoza.gov.ar\/prensa\/wp-json\/wp\/v2\/posts\/19374"}],"collection":[{"href":"https:\/\/www.mendoza.gov.ar\/prensa\/wp-json\/wp\/v2\/posts"}],"about":[{"href":"https:\/\/www.mendoza.gov.ar\/prensa\/wp-json\/wp\/v2\/types\/post"}],"author":[{"embeddable":true,"href":"https:\/\/www.mendoza.gov.ar\/prensa\/wp-json\/wp\/v2\/users\/3"}],"replies":[{"embeddable":true,"href":"https:\/\/www.mendoza.gov.ar\/prensa\/wp-json\/wp\/v2\/comments?post=19374"}],"version-history":[{"count":0,"href":"https:\/\/www.mendoza.gov.ar\/prensa\/wp-json\/wp\/v2\/posts\/19374\/revisions"}],"wp:attachment":[{"href":"https:\/\/www.mendoza.gov.ar\/prensa\/wp-json\/wp\/v2\/media?parent=19374"}],"wp:term":[{"taxonomy":"category","embeddable":true,"href":"https:\/\/www.mendoza.gov.ar\/prensa\/wp-json\/wp\/v2\/categories?post=19374"},{"taxonomy":"post_tag","embeddable":true,"href":"https:\/\/www.mendoza.gov.ar\/prensa\/wp-json\/wp\/v2\/tags?post=19374"}],"curies":[{"name":"wp","href":"https:\/\/api.w.org\/{rel}","templated":true}]}}