{"id":19375,"date":"2014-10-04T14:00:00","date_gmt":"2014-10-04T14:00:00","guid":{"rendered":"http:\/\/prensa.wp2.mendoza.gov.ar\/el-gobernador-se-reunio-con-ignacio-hurban-nieto-recuperado-de-estela-carlotto\/"},"modified":"2014-10-04T14:00:00","modified_gmt":"2014-10-04T14:00:00","slug":"el-gobernador-se-reunio-con-ignacio-hurban-nieto-recuperado-de-estela-carlotto","status":"publish","type":"post","link":"https:\/\/www.mendoza.gov.ar\/prensa\/el-gobernador-se-reunio-con-ignacio-hurban-nieto-recuperado-de-estela-carlotto\/","title":{"rendered":"El Gobernador se reuni\u00f3 con Ignacio Hurban, nieto recuperado de Estela Carlotto"},"content":{"rendered":"<!DOCTYPE html PUBLIC \"-\/\/W3C\/\/DTD HTML 4.0 Transitional\/\/EN\" \"http:\/\/www.w3.org\/TR\/REC-html40\/loose.dtd\">\n<html><body><p>El gobernador Francisco P&eacute;rez recibi&oacute; este mediod&iacute;a en su despacho a Ignacio Hurban (Guido Montoya Carlotto), nieto recientemente recuperado de Estela de Carlotto, presidenta de Abuelas de Plaza de Mayo.<\/p>\n<p>El mandatario provincial le dio la bienvenida a Mendoza al m&uacute;sico bonaerense, en un encuentro en el que tambi&eacute;n participaron representantes de organismos de Derechos Humanos, como Madres de Plaza de Mayo de Mendoza y la agrupaci&oacute;n HIJOS.<\/p>\n<p>Durante la reuni&oacute;n hablaron sobre el potencial de Mendoza, el seguimiento de los Juicios por Delitos de Lesa Humanidad que se realizan en Mendoza y el avance en las l&iacute;neas de promoci&oacute;n y defensa de los Derechos Humanos en la provincia.<\/p>\n<p>En el encuentro tambi&eacute;n participaron el ministro de Justicia, Trabajo y Gobierno, Rodolfo Lafalla; la subsecretaria de Justicia, Romina Ronda; el subsecretario de Derechos Humanos, Juan Manuel Gonz&aacute;lez; y otros funcionarios de esas &aacute;reas.<\/p>\n<\/body><\/html>\n","protected":false},"excerpt":{"rendered":"El mandatario provincial le dio la bienvenida al m\u00fasico bonaerense. Tambi\u00e9n participaron representantes de organismos de Derechos Humanos y funcionarios de esas \u00e1reas.\n","protected":false},"author":3,"featured_media":0,"comment_status":"open","ping_status":"open","sticky":false,"template":"","format":"standard","meta":[],"categories":[19],"tags":[],"_links":{"self":[{"href":"https:\/\/www.mendoza.gov.ar\/prensa\/wp-json\/wp\/v2\/posts\/19375"}],"collection":[{"href":"https:\/\/www.mendoza.gov.ar\/prensa\/wp-json\/wp\/v2\/posts"}],"about":[{"href":"https:\/\/www.mendoza.gov.ar\/prensa\/wp-json\/wp\/v2\/types\/post"}],"author":[{"embeddable":true,"href":"https:\/\/www.mendoza.gov.ar\/prensa\/wp-json\/wp\/v2\/users\/3"}],"replies":[{"embeddable":true,"href":"https:\/\/www.mendoza.gov.ar\/prensa\/wp-json\/wp\/v2\/comments?post=19375"}],"version-history":[{"count":0,"href":"https:\/\/www.mendoza.gov.ar\/prensa\/wp-json\/wp\/v2\/posts\/19375\/revisions"}],"wp:attachment":[{"href":"https:\/\/www.mendoza.gov.ar\/prensa\/wp-json\/wp\/v2\/media?parent=19375"}],"wp:term":[{"taxonomy":"category","embeddable":true,"href":"https:\/\/www.mendoza.gov.ar\/prensa\/wp-json\/wp\/v2\/categories?post=19375"},{"taxonomy":"post_tag","embeddable":true,"href":"https:\/\/www.mendoza.gov.ar\/prensa\/wp-json\/wp\/v2\/tags?post=19375"}],"curies":[{"name":"wp","href":"https:\/\/api.w.org\/{rel}","templated":true}]}}