{"id":19401,"date":"2014-10-02T14:00:00","date_gmt":"2014-10-02T14:00:00","guid":{"rendered":"http:\/\/prensa.wp2.mendoza.gov.ar\/perez-se-reunio-con-casamiquela-capitanich-y-gobernadores-de-provincias-vitivinicolas\/"},"modified":"2014-10-02T14:00:00","modified_gmt":"2014-10-02T14:00:00","slug":"perez-se-reunio-con-casamiquela-capitanich-y-gobernadores-de-provincias-vitivinicolas","status":"publish","type":"post","link":"https:\/\/www.mendoza.gov.ar\/prensa\/perez-se-reunio-con-casamiquela-capitanich-y-gobernadores-de-provincias-vitivinicolas\/","title":{"rendered":"P\u00e9rez se reuni\u00f3 con Casamiquela, Capitanich y gobernadores de provincias vitivin\u00edcolas"},"content":{"rendered":"<!DOCTYPE html PUBLIC \"-\/\/W3C\/\/DTD HTML 4.0 Transitional\/\/EN\" \"http:\/\/www.w3.org\/TR\/REC-html40\/loose.dtd\">\n<html><body><p>El gobernador Francisco P&eacute;rez, se reuni&oacute; este mediod&iacute;a con el ministro de Agricultura, Ganader&iacute;a y Pesca de la Naci&oacute;n, Carlos Casamiquela, el jefe de Gabinete, Jorge Capitanich, y gobernadores de provincias vitivin&iacute;colas.<\/p>\n<p>En el encuentro participaron tambi&eacute;n los mandatarios provinciales Juan Manuel Urtubey (Salta), Jos&eacute; Luis Gioja (San Juan), Jorge Sapag (Neuqu&eacute;n) y Luis Beder Herrera (La Rioja)&nbsp;y los equipos t&eacute;cnicos de cada provincia.<\/p>\n<p>Por Mendoza estuvo el ministro de Agroindustria, Marcelo Costa.<\/p>\n<p><img src=\"\/files\/media\/medium_IMG_0549.jpg\" class=\" img-responsive center-block\"><\/p>\n<p>En la reuni&oacute;n se trataron algunos&nbsp;puntos acordados con el gobernador de San Juan el pasado 25 de agosto, que refieren a los desequilibrios entre la oferta y la demanda de vino en toda la regi&oacute;n vitivin&iacute;cola.<\/p>\n<p>Una de las conclusiones que surgi&oacute; de la reuni&oacute;n es que la Jefatura de Gabinete presentar&aacute; el pr&oacute;ximo martes propuestas para paliar las dificultades que afronta el &aacute;rea de la vitivinicultura.<\/p>\n<p>En el acuerdo que se firm&oacute; en San Juan entre&nbsp;los gobernadores P&eacute;rez, Gioja y Beder Herrera se marcaron seis &iacute;tems para resolver, en primer lugar, el problema del exceso de stock a partir de la promoci&oacute;n de nuevas exportaciones a granel.<\/p>\n<p>En ese momento se plante&oacute; la necesidad de constituir&nbsp;un Observatorio de Costos y Precios Vitivin&iacute;colas que refleje los valores de referencia a considerar, integrado por los Gobiernos provinciales y las entidades gremiales empresarias. En esto se pudo avanzar en el encuentro de este mediod&iacute;a y se concretar&aacute; la creaci&oacute;n de ese organismo.<\/p>\n<p>En este punto, Costa asegur&oacute; que \"se avanz&oacute; en un Observatorio de Precios, centralizado en el Ministerio de Agricultura de la Naci&oacute;n y en la generaci&oacute;n de una mesa vitivin&iacute;cola nacional con la participaci&oacute;n de todas las provincias productoras\".<\/p>\n<p>Adem&aacute;s se crear&aacute; una mesa de trabajo entre Casamiquela y representantes de todas las provincias. En ese &aacute;mbito se intentar&aacute; avanzar en el resto de los puntos suscriptos en San Juan a fines de agosto.<\/p>\n<p>Al t&eacute;rmino de la reuni&oacute;n, Costa explic&oacute; que el pr&oacute;ximo martes a las 16 tendr&aacute;n &nbsp;una nueva reuni&oacute;n en la Jefatura de Gabinete, en donde el Gobierno Nacional va a acercar propuestas para incentivar las exportaciones de 50 a 100 millones de litros de vino blanco a los mercados rusos, holand&eacute;s y de Estados Unidos\".<\/p>\n<p>Pero el titular de Agroindustria tambi&eacute;n destac&oacute; que \"se trabajar&aacute; con la secretar&iacute;a de Comercio, con Augusto Costa, para llevar adelante un sistema en el cual los incrementos de vino que se den en g&oacute;ndola se trasladen al productor\".<\/p>\n<p><span style=\"line-height: 1.6em\">Tambi&eacute;n se trabaj&oacute; en incluir en el Presupuesto nacional 2015 \"un reintegro por exportaciones destinados a medidas activas que puedan llevar adelante desde el ministerio de Agricultura de Naci&oacute;n con las provincias\".<\/span><\/p>\n<p>En aquel encuentro, celebrado el 25 de agosto,&nbsp;otro de los puntos que qued&oacute; en el convenio fue&nbsp;la emisi&oacute;n de un bono certificado para Mendoza y San Juan que sirva para cancelar deudas fiscales y tambi&eacute;n&nbsp;la firma de acuerdos con las principales empresas vitivin&iacute;colas fraccionadoras de vinos de Argentina para respetar y mejorar los precios actuales de vinos de traslado e incrementar los mismos como m&iacute;nimo en la misma proporci&oacute;n que resulten modificados los precios al p&uacute;blico en las cadenas de comercializaci&oacute;n nacional.<\/p>\n<p>Adem&aacute;s queda trabajar en el lanzamiento de una l&iacute;nea especial de cr&eacute;dito con el Banco Naci&oacute;n con subsidio de tasa para bodegas que compren vino blanco.<\/p>\n<\/body><\/html>\n","protected":false},"excerpt":{"rendered":"Trataron los puntos acordados en San Juan a fines de agosto y se decidi\u00f3 crear un observatorio de precios para corregir desequilibrios de oferta y demanda de vino. Participaron Urtubey (Salta), Gioja (San Juan), Sapag (Neuqu\u00e9n) y Beder Herrera (La Rioja).","protected":false},"author":3,"featured_media":0,"comment_status":"open","ping_status":"open","sticky":false,"template":"","format":"standard","meta":[],"categories":[19],"tags":[],"_links":{"self":[{"href":"https:\/\/www.mendoza.gov.ar\/prensa\/wp-json\/wp\/v2\/posts\/19401"}],"collection":[{"href":"https:\/\/www.mendoza.gov.ar\/prensa\/wp-json\/wp\/v2\/posts"}],"about":[{"href":"https:\/\/www.mendoza.gov.ar\/prensa\/wp-json\/wp\/v2\/types\/post"}],"author":[{"embeddable":true,"href":"https:\/\/www.mendoza.gov.ar\/prensa\/wp-json\/wp\/v2\/users\/3"}],"replies":[{"embeddable":true,"href":"https:\/\/www.mendoza.gov.ar\/prensa\/wp-json\/wp\/v2\/comments?post=19401"}],"version-history":[{"count":0,"href":"https:\/\/www.mendoza.gov.ar\/prensa\/wp-json\/wp\/v2\/posts\/19401\/revisions"}],"wp:attachment":[{"href":"https:\/\/www.mendoza.gov.ar\/prensa\/wp-json\/wp\/v2\/media?parent=19401"}],"wp:term":[{"taxonomy":"category","embeddable":true,"href":"https:\/\/www.mendoza.gov.ar\/prensa\/wp-json\/wp\/v2\/categories?post=19401"},{"taxonomy":"post_tag","embeddable":true,"href":"https:\/\/www.mendoza.gov.ar\/prensa\/wp-json\/wp\/v2\/tags?post=19401"}],"curies":[{"name":"wp","href":"https:\/\/api.w.org\/{rel}","templated":true}]}}