{"id":19423,"date":"2014-09-30T20:44:00","date_gmt":"2014-09-30T20:44:00","guid":{"rendered":"http:\/\/prensa.wp2.mendoza.gov.ar\/el-gobernador-firmo-una-nueva-prorroga-de-la-deuda-con-la-nacion\/"},"modified":"2014-09-30T20:44:00","modified_gmt":"2014-09-30T20:44:00","slug":"el-gobernador-firmo-una-nueva-prorroga-de-la-deuda-con-la-nacion","status":"publish","type":"post","link":"https:\/\/www.mendoza.gov.ar\/prensa\/el-gobernador-firmo-una-nueva-prorroga-de-la-deuda-con-la-nacion\/","title":{"rendered":"El Gobernador firm\u00f3 una nueva pr\u00f3rroga de la deuda con la Naci\u00f3n"},"content":{"rendered":"<!DOCTYPE html PUBLIC \"-\/\/W3C\/\/DTD HTML 4.0 Transitional\/\/EN\" \"http:\/\/www.w3.org\/TR\/REC-html40\/loose.dtd\">\n<html><body><p>El gobernador Francisco P&eacute;rez particip&oacute; en un acto en Casa Rosada en donde se firm&oacute; una nueva pr&oacute;rroga para el desendeudamiento de las provincias con la Naci&oacute;n. Con esto, el Ejecutivo provincial&nbsp;posterga el pago de $160 millones, correspondientes al segundo semestre de a&ntilde;o.<\/p>\n<p>En una actividad encabezada por Cristina Fern&aacute;ndez de Kirchner en el Sal&oacute;n de las Mujeres de la Casa de Gobierno, P&eacute;rez y otros tres&nbsp;gobernadores suscribieron el acuerdo con el Gobierno Nacional para extender el per&iacute;odo de gracia para el pago de intereses y amortizaci&oacute;n de la deuda hasta el 31 de diciembre.<\/p>\n<p><img src=\"\/files\/media\/medium_30_09_14gobernador_presidenta_dos_1.jpg\" class=\" img-responsive center-block\"><\/p>\n<p>El total de pagos de capital prorrogados correspondientes a&nbsp;2014&nbsp;es de $300 millones.<\/p>\n<p>El Gobernador firm&oacute; el convenio con la Naci&oacute;n en el marco del Programa Federal de Desendeudamiento de las Provincias Argentinas que comenz&oacute; en diciembre de 2013 y que estableci&oacute; un plazo de gracia de tres meses, con posibilidad de mantenimiento y extensi&oacute;n de los beneficios durante todo 2014, con posibilidad de renovarse trimestralmente.<\/p>\n<p>La renovaci&oacute;n y continuidad se da en la medida en que las provincias cumplen con el env&iacute;o de informaci&oacute;n fiscal, financiera y presupuestaria.<\/p>\n<\/body><\/html>\n","protected":false},"excerpt":{"rendered":"Francisco P\u00e9rez y otros tres mandatarios provinciales suscribieron con Cristina Fern\u00e1ndez de Kirchner una reprogramaci\u00f3n de vencimientos hasta el 31 de diciembre. Con esto, el Ejecutivo Provincial posterga el pago de $160 millones.","protected":false},"author":3,"featured_media":0,"comment_status":"open","ping_status":"open","sticky":false,"template":"","format":"standard","meta":[],"categories":[19],"tags":[],"_links":{"self":[{"href":"https:\/\/www.mendoza.gov.ar\/prensa\/wp-json\/wp\/v2\/posts\/19423"}],"collection":[{"href":"https:\/\/www.mendoza.gov.ar\/prensa\/wp-json\/wp\/v2\/posts"}],"about":[{"href":"https:\/\/www.mendoza.gov.ar\/prensa\/wp-json\/wp\/v2\/types\/post"}],"author":[{"embeddable":true,"href":"https:\/\/www.mendoza.gov.ar\/prensa\/wp-json\/wp\/v2\/users\/3"}],"replies":[{"embeddable":true,"href":"https:\/\/www.mendoza.gov.ar\/prensa\/wp-json\/wp\/v2\/comments?post=19423"}],"version-history":[{"count":0,"href":"https:\/\/www.mendoza.gov.ar\/prensa\/wp-json\/wp\/v2\/posts\/19423\/revisions"}],"wp:attachment":[{"href":"https:\/\/www.mendoza.gov.ar\/prensa\/wp-json\/wp\/v2\/media?parent=19423"}],"wp:term":[{"taxonomy":"category","embeddable":true,"href":"https:\/\/www.mendoza.gov.ar\/prensa\/wp-json\/wp\/v2\/categories?post=19423"},{"taxonomy":"post_tag","embeddable":true,"href":"https:\/\/www.mendoza.gov.ar\/prensa\/wp-json\/wp\/v2\/tags?post=19423"}],"curies":[{"name":"wp","href":"https:\/\/api.w.org\/{rel}","templated":true}]}}