{"id":19427,"date":"2014-09-30T17:59:00","date_gmt":"2014-09-30T17:59:00","guid":{"rendered":"http:\/\/prensa.wp2.mendoza.gov.ar\/el-gobernador-francisco-perez-defendio-en-el-congreso-la-nueva-ley-de-hidrocarburos\/"},"modified":"2014-09-30T17:59:00","modified_gmt":"2014-09-30T17:59:00","slug":"el-gobernador-francisco-perez-defendio-en-el-congreso-la-nueva-ley-de-hidrocarburos","status":"publish","type":"post","link":"https:\/\/www.mendoza.gov.ar\/prensa\/el-gobernador-francisco-perez-defendio-en-el-congreso-la-nueva-ley-de-hidrocarburos\/","title":{"rendered":"El gobernador Francisco P\u00e9rez defendi\u00f3 en el Congreso la nueva Ley de Hidrocarburos"},"content":{"rendered":"<!DOCTYPE html PUBLIC \"-\/\/W3C\/\/DTD HTML 4.0 Transitional\/\/EN\" \"http:\/\/www.w3.org\/TR\/REC-html40\/loose.dtd\">\n<html><body><p>El gobernador Francisco P&eacute;rez defendi&oacute; ante un plenario de comisiones del Senado de la Naci&oacute;n la reforma a la Ley de Hidrocarburos, consensuada entre los mandatarios que integran la Organizaci&oacute;n Federal de Estados Productores de Hidrocarburos (OFEPHI), YPF y el Gobierno Nacional.<\/p>\n<p>&ldquo;Hemos sido invitados por el senador neuquino Manuel Fuentes para que vayamos los gobernadores de las provincias hidrocarbur&iacute;feras a evacuar dudas que tengan los senadores sobre la Ley de Hidrocarburos&rdquo;, tal como explic&oacute; P&eacute;rez en rueda de prensa esta ma&ntilde;ana, antes de viajar a Buenos Aires.<\/p>\n<p>Algunos gobernadores que integran la OFEPHI pasaron despu&eacute;s del mediod&iacute;a por el plenario de comisiones del Senado de la Naci&oacute;n, que incluye Asuntos Constitucionales; Presupuesto y Hacienda; Miner&iacute;a, Energ&iacute;a y Combustibles.<\/p>\n<p><img src=\"\/files\/media\/medium_30_09_14gobernador_senado.jpg\" class=\" img-responsive center-block\"><\/p>\n<p>&ldquo;Me parece que fue un debate enriquecedor. La idea de nuestra presencia y la de los integrantes del Ejecutivo nacional -y ma&ntilde;ana de Miguel Galuccio- es evacuar las dudas que tienen los senadores sobre este proyecto de reforma de la Ley de Hidrocarburos&rdquo;, seg&uacute;n dijo P&eacute;rez al t&eacute;rmino de la exposici&oacute;n.<\/p>\n<p><span style=\"font-size: 13px;line-height: 1.6em\">Y agreg&oacute;: &ldquo;Estamos en un momento bisagra para la Argentina y para las provincias petroleras en el cual se puede marcar un antes y un despu&eacute;s, atento a que el petr&oacute;leo convencional se est&aacute; agotando, y que hay que dotar a la ley de una nueva legislaci&oacute;n que promocione las inversiones. Para que se den una idea, la producci&oacute;n de YPF en Mendoza pas&oacute; de 140 millones de d&oacute;lares el a&ntilde;o pasado a 600 millones de d&oacute;lares, y de 4 a 11 equipos de perforaciones&rdquo;.<\/span><\/p>\n<p>Adem&aacute;s, el Gobernador agreg&oacute; que &ldquo;se dota de modernidad a una ley que data de la &eacute;poca de Ongan&iacute;a. Nunca vamos a lograr una ley perfecta, esto ha llevado cinco meses&rdquo;.<\/p>\n<p>Adem&aacute;s, el mandatario provincial reiter&oacute; que &ldquo;se sostiene la autonom&iacute;a de las provincias, porque participan en los pliegos licitatorios, son autoridad de aplicaci&oacute;n en auditoria, en las pr&oacute;rrogas. Y los derechos adquiridos tambi&eacute;n siguen vigentes&rdquo;.<\/p>\n<p>Una de las cosas que destac&oacute; P&eacute;rez es que &ldquo;en la normativa vigente no existen presupuestos ambientales y ahora se incorporan. Tambi&eacute;n se otorgan beneficios en la importaci&oacute;n de maquinarias para abaratar costos y la responsabilidad social empresaria qued&oacute; plasmada en un art&iacute;culo que equivale a un piso de 2,5 de inversi&oacute;n inicial&rdquo;.<\/p>\n<p>Adem&aacute;s, el Gobernador explic&oacute; que &ldquo;las empresas de energ&iacute;a siguen vigentes. Lo que se ha discutido mucho es el acarreo, que sigue vigente en exploraci&oacute;n&rdquo;.<\/p>\n<p>Junto con P&eacute;rez expusieron tambi&eacute;n Mart&iacute;n Buzzi (Chubut), Jorge Sapag (Neuqu&eacute;n), Alberto Weretilneck (R&iacute;o Negro) y Fabiana R&iacute;os (Tierra del Fuego). Antes hab&iacute;an pasado el ministro de Planificaci&oacute;n Federal, Julio De Vido; el secretario de Legal y T&eacute;cnica de la Naci&oacute;n, Carlos Zannini; y la secretaria de Energ&iacute;a, Mariana Matranga.<\/p>\n<p>La comisi&oacute;n de Asuntos Constitucionales est&aacute; a cargo del neuquino Marcelo Fuentes (FPV) y Presupuesto y Hacienda es conducida por el bonaerense An&iacute;bal Fern&aacute;ndez (FPV). En tanto que el organismo legislativo de Miner&iacute;a, Energ&iacute;a y Combustibles es manejada por el neuquino Guillermo Pereyra (MPN).<\/p>\n<p>El debate continuar&aacute; ma&ntilde;ana mi&eacute;rcoles con las disertaciones de Galuccio y de especialistas invitados por la oposici&oacute;n.<\/p>\n<\/body><\/html>\n","protected":false},"excerpt":{"rendered":"Lo hizo ante un plenario de comisiones del Senado de la Naci\u00f3n. Tambi\u00e9n expusieron los mandatarios Mart\u00edn Buzzi (Chubut), Jorge Sapag (Neuqu\u00e9n), Alberto Weretilneck (R\u00edo Negro) y Fabiana R\u00edos (Tierra del Fuego).","protected":false},"author":3,"featured_media":0,"comment_status":"open","ping_status":"open","sticky":false,"template":"","format":"standard","meta":[],"categories":[19],"tags":[],"_links":{"self":[{"href":"https:\/\/www.mendoza.gov.ar\/prensa\/wp-json\/wp\/v2\/posts\/19427"}],"collection":[{"href":"https:\/\/www.mendoza.gov.ar\/prensa\/wp-json\/wp\/v2\/posts"}],"about":[{"href":"https:\/\/www.mendoza.gov.ar\/prensa\/wp-json\/wp\/v2\/types\/post"}],"author":[{"embeddable":true,"href":"https:\/\/www.mendoza.gov.ar\/prensa\/wp-json\/wp\/v2\/users\/3"}],"replies":[{"embeddable":true,"href":"https:\/\/www.mendoza.gov.ar\/prensa\/wp-json\/wp\/v2\/comments?post=19427"}],"version-history":[{"count":0,"href":"https:\/\/www.mendoza.gov.ar\/prensa\/wp-json\/wp\/v2\/posts\/19427\/revisions"}],"wp:attachment":[{"href":"https:\/\/www.mendoza.gov.ar\/prensa\/wp-json\/wp\/v2\/media?parent=19427"}],"wp:term":[{"taxonomy":"category","embeddable":true,"href":"https:\/\/www.mendoza.gov.ar\/prensa\/wp-json\/wp\/v2\/categories?post=19427"},{"taxonomy":"post_tag","embeddable":true,"href":"https:\/\/www.mendoza.gov.ar\/prensa\/wp-json\/wp\/v2\/tags?post=19427"}],"curies":[{"name":"wp","href":"https:\/\/api.w.org\/{rel}","templated":true}]}}