{"id":19453,"date":"2014-09-29T11:02:00","date_gmt":"2014-09-29T11:02:00","guid":{"rendered":"http:\/\/prensa.wp2.mendoza.gov.ar\/perez-participo-en-los-actos-del-santo-patrono-de-las-heras\/"},"modified":"2014-09-29T11:02:00","modified_gmt":"2014-09-29T11:02:00","slug":"perez-participo-en-los-actos-del-santo-patrono-de-las-heras","status":"publish","type":"post","link":"https:\/\/www.mendoza.gov.ar\/prensa\/perez-participo-en-los-actos-del-santo-patrono-de-las-heras\/","title":{"rendered":"P\u00e9rez particip\u00f3 en los actos del Santo Patrono de Las Heras"},"content":{"rendered":"<!DOCTYPE html PUBLIC \"-\/\/W3C\/\/DTD HTML 4.0 Transitional\/\/EN\" \"http:\/\/www.w3.org\/TR\/REC-html40\/loose.dtd\">\n<html><body><p>El gobernador Francisco P&eacute;rez particip&oacute; junto con el intendente de Las Heras, Rub&eacute;n Miranda, en los festejos en honor de San Miguel Arcangel, Santo Patrono del departamento.<\/p>\n<p>Las actividades comenzaron con el izamiento de la bandera en la explanada municipal y luego se realiz&oacute; el acto protocolar en la plaza departamental Marcos Burgos.<\/p>\n<p>El Gobernador explic&oacute;: \"Concebimos la educaci&oacute;n como un derecho que no se ofrece, se garantiza. De all&iacute; los esfuerzos puestos en extender los servicios educativos, llegando a todos los contextos y a todos los rincones de la provincia&rdquo;.<\/p>\n<p>Y en esa l&iacute;nea agreg&oacute;: \"Estamos llamando a licitaci&oacute;n para antes de fin de a&ntilde;o para la construcci&oacute;n de la Escuela Secundaria T&eacute;cnica en El Borboll&oacute;n, con un monto de &nbsp;$12 millones. El edificio previsto tendr&aacute; m&aacute;s de 1000 metros cuadrados e incluir&aacute; una matr&iacute;cula de 700 alumnos de la zona\".<\/p>\n<p>Adem&aacute;s, siguiendo en el eje de la educaci&oacute;n, el mandatario provincial record&oacute; que \"se est&aacute; construyendo aqu&iacute; el edificio del Instituto de Educaci&oacute;n Superior 9-026 que comenzar&aacute; a funcionar en agosto del a&ntilde;o que viene, para el cual se han invertido m&aacute;s de $ 20 millones. La instituci&oacute;n recibir&aacute; a m&aacute;s de 600 alumnos de los profesorados, tecnicaturas y post&iacute;tulos&rdquo;.<\/p>\n<p>Durante el acto se firm&oacute; un convenio para la construcci&oacute;n del Jard&iacute;n Maternal &ldquo;Lucerito&rdquo;, que albergar&aacute; a los hijos de los alumnos del Instituto Superior, garantizando as&iacute; que los padres puedan estudiar mientras sus hijos est&eacute;n aprendiendo. Esta obra se realiza en conjunto con la Naci&oacute;n, la Provincia y el Municipio con una inversi&oacute;n de $ 6 millones.<\/p>\n<p>Tambi&eacute;n se suscribieron acuerdos para la pavimentaci&oacute;n de calles del departamento por un monto $ 10 millones y para el inicio de obra para la renovaci&oacute;n de colectores cloacales terciarios.<\/p>\n<p>P&eacute;rez estuvo acompa&ntilde;ado por el vicegobernador Carlos Ciurca; el presidente de la C&aacute;mara de Diputados, Jorge Tan&uacute;s; la directora General de Escuelas, Mar&iacute;a In&eacute;s Abrile de Vollmer; y los ministros Mat&iacute;as Roby (Salud),&nbsp;Rodolfo Lafalla (Trabajo, Justicia y Gobierno), Marcos Zandomeni (Energ&iacute;a), Rolando Baldasso (Infraestructura), Diego Mart&iacute;nez Palau (Transporte), Marizul Iba&ntilde;ez (Cultura), Guillermo Elizalde (Tierras, Ambiente y Recursos Naturales) y Leonardo Comperatore (Seguridad).<\/p>\n<\/body><\/html>\n","protected":false},"excerpt":{"rendered":"Acompa\u00f1\u00f3 al intendente Rub\u00e9n Miranda en el homenaje a San Miguel Arcangel. Se firmaron convenios para obras en el departamento. El eje fue la educaci\u00f3n y se anunci\u00f3 la construcci\u00f3n de la Escuela Secundaria T\u00e9cnica en El Borboll\u00f3n.","protected":false},"author":3,"featured_media":0,"comment_status":"open","ping_status":"open","sticky":false,"template":"","format":"standard","meta":[],"categories":[19],"tags":[],"_links":{"self":[{"href":"https:\/\/www.mendoza.gov.ar\/prensa\/wp-json\/wp\/v2\/posts\/19453"}],"collection":[{"href":"https:\/\/www.mendoza.gov.ar\/prensa\/wp-json\/wp\/v2\/posts"}],"about":[{"href":"https:\/\/www.mendoza.gov.ar\/prensa\/wp-json\/wp\/v2\/types\/post"}],"author":[{"embeddable":true,"href":"https:\/\/www.mendoza.gov.ar\/prensa\/wp-json\/wp\/v2\/users\/3"}],"replies":[{"embeddable":true,"href":"https:\/\/www.mendoza.gov.ar\/prensa\/wp-json\/wp\/v2\/comments?post=19453"}],"version-history":[{"count":0,"href":"https:\/\/www.mendoza.gov.ar\/prensa\/wp-json\/wp\/v2\/posts\/19453\/revisions"}],"wp:attachment":[{"href":"https:\/\/www.mendoza.gov.ar\/prensa\/wp-json\/wp\/v2\/media?parent=19453"}],"wp:term":[{"taxonomy":"category","embeddable":true,"href":"https:\/\/www.mendoza.gov.ar\/prensa\/wp-json\/wp\/v2\/categories?post=19453"},{"taxonomy":"post_tag","embeddable":true,"href":"https:\/\/www.mendoza.gov.ar\/prensa\/wp-json\/wp\/v2\/tags?post=19453"}],"curies":[{"name":"wp","href":"https:\/\/api.w.org\/{rel}","templated":true}]}}