{"id":19459,"date":"2014-09-28T12:42:00","date_gmt":"2014-09-28T12:42:00","guid":{"rendered":"http:\/\/prensa.wp2.mendoza.gov.ar\/perez-visito-la-feria-de-logros-que-finaliza-esta-noche-en-el-le-parc\/"},"modified":"2014-09-28T12:42:00","modified_gmt":"2014-09-28T12:42:00","slug":"perez-visito-la-feria-de-logros-que-finaliza-esta-noche-en-el-le-parc","status":"publish","type":"post","link":"https:\/\/www.mendoza.gov.ar\/prensa\/perez-visito-la-feria-de-logros-que-finaliza-esta-noche-en-el-le-parc\/","title":{"rendered":"P\u00e9rez visit\u00f3 la Feria de Logros que finaliza esta noche en el Le Parc"},"content":{"rendered":"<!DOCTYPE html PUBLIC \"-\/\/W3C\/\/DTD HTML 4.0 Transitional\/\/EN\" \"http:\/\/www.w3.org\/TR\/REC-html40\/loose.dtd\">\n<html><body><p>El gobernador Francisco P&eacute;rez visit&oacute; en la noche del s&aacute;bado la Feria de Logros que se realiza desde el viernes en el Centro Cultural Julio Le Parc.<\/p>\n<p>El mandatario provincial recorri&oacute; las distintas carpas y los stands que integran m&aacute;s de 300 emprendedores sociales de Mendoza.<\/p>\n<p><img src=\"\/files\/media\/medium_28_09_14gobernador_feria_logros.jpg\" class=\" img-responsive center-block\"><\/p>\n<p>En su paso por la Feria de Logros, el Gobernador se mostr&oacute; orgulloso del evento que sirve para que los emprendedores promocionen sus productos artesanales.<\/p>\n<p>Las actividades comenzaron el viernes y concluyen hoy a las 24. Incluyen la comercializaci&oacute;n de productos comestibles, artesanales, ropa, juguetes y muebles, pero tambi&eacute;n espect&aacute;culos art&iacute;sticos, capacitaciones y degustaciones.<\/p>\n<\/body><\/html>\n","protected":false},"excerpt":{"rendered":"El Gobernador estuvo anoche en el evento que organiz\u00f3 el Gobierno en el Centro Cultural de Guaymall\u00e9n. Dialog\u00f3 con algunos de los 300 emprendedores que exponen productos de la econom\u00eda social.","protected":false},"author":3,"featured_media":0,"comment_status":"open","ping_status":"open","sticky":false,"template":"","format":"standard","meta":[],"categories":[19],"tags":[],"_links":{"self":[{"href":"https:\/\/www.mendoza.gov.ar\/prensa\/wp-json\/wp\/v2\/posts\/19459"}],"collection":[{"href":"https:\/\/www.mendoza.gov.ar\/prensa\/wp-json\/wp\/v2\/posts"}],"about":[{"href":"https:\/\/www.mendoza.gov.ar\/prensa\/wp-json\/wp\/v2\/types\/post"}],"author":[{"embeddable":true,"href":"https:\/\/www.mendoza.gov.ar\/prensa\/wp-json\/wp\/v2\/users\/3"}],"replies":[{"embeddable":true,"href":"https:\/\/www.mendoza.gov.ar\/prensa\/wp-json\/wp\/v2\/comments?post=19459"}],"version-history":[{"count":0,"href":"https:\/\/www.mendoza.gov.ar\/prensa\/wp-json\/wp\/v2\/posts\/19459\/revisions"}],"wp:attachment":[{"href":"https:\/\/www.mendoza.gov.ar\/prensa\/wp-json\/wp\/v2\/media?parent=19459"}],"wp:term":[{"taxonomy":"category","embeddable":true,"href":"https:\/\/www.mendoza.gov.ar\/prensa\/wp-json\/wp\/v2\/categories?post=19459"},{"taxonomy":"post_tag","embeddable":true,"href":"https:\/\/www.mendoza.gov.ar\/prensa\/wp-json\/wp\/v2\/tags?post=19459"}],"curies":[{"name":"wp","href":"https:\/\/api.w.org\/{rel}","templated":true}]}}