{"id":19472,"date":"2014-09-26T12:04:00","date_gmt":"2014-09-26T12:04:00","guid":{"rendered":"http:\/\/prensa.wp2.mendoza.gov.ar\/perez-inauguro-una-ampliacion-de-red-de-agua-potable-para-la-comunidad-huarpe\/"},"modified":"2014-09-26T12:04:00","modified_gmt":"2014-09-26T12:04:00","slug":"perez-inauguro-una-ampliacion-de-red-de-agua-potable-para-la-comunidad-huarpe","status":"publish","type":"post","link":"https:\/\/www.mendoza.gov.ar\/prensa\/perez-inauguro-una-ampliacion-de-red-de-agua-potable-para-la-comunidad-huarpe\/","title":{"rendered":"P\u00e9rez inaugur\u00f3 una ampliaci\u00f3n de Red de Agua Potable para la Comunidad Huarpe"},"content":{"rendered":"<!DOCTYPE html PUBLIC \"-\/\/W3C\/\/DTD HTML 4.0 Transitional\/\/EN\" \"http:\/\/www.w3.org\/TR\/REC-html40\/loose.dtd\">\n<html><body><p>El gobernador Francisco P&eacute;rez inaugur&oacute; la ampliaci&oacute;n de Red de Agua Potable Juan Manuel Villegas que busca mejorar la calidad de vida de 21 familias de la Comunidad Huarpe del distrito de San Jos&eacute; del secano lavallino. Esta iniciativa busca evitar el desarraigo de las familias de la zona, acercando los servicios m&iacute;nimos necesarios.<\/p>\n<p>En su discurso P&eacute;rez destac&oacute; \"Para m&iacute; es muy importante que hoy estemos ac&aacute; ya que es un d&iacute;a hist&oacute;rico. No pude ir a la Feria de los Logros pero &eacute;sto es un gran logro\". &nbsp;Y agreg&oacute;&nbsp;\"Qu&eacute; les puedo explicar a ustedes lo que es no haber tenido agua. Hoy ustedes tienen agua de calidad y sanidad\".<\/p>\n<p>En cuanto a la realizaci&oacute;n de la obra&nbsp;se&ntilde;al&oacute;&nbsp;\"En un momento parec&iacute;a impensado poder hacer esta obra y el agua tiene que ver con el arraigo y el desarrollo.&nbsp;Esto tambi&eacute;n sirve para que los j&oacute;venes sepan que vale la pena vivir ac&aacute;\". \"Esto se ha logrado con organizaci&oacute;n, decisi&oacute;n pol&iacute;tica y esfuerzo de que el Estado debe estar siempre presenten junto a quienes m&aacute;s lo necesitan\", finaliz&oacute; el mandatario provincial.<\/p>\n<p><img src=\"\/files\/media\/medium_26_09_14gobernador_agua_lavalle.jpg\" style=\"font-size: 13px;line-height: 1.6em\" class=\" img-responsive center-block\"><\/p>\n<p>El subsidio, de $1.400.000, es parte del Programa de Desarrollo de &Aacute;reas Rurales del Ministerio de Agricultura y Pesca de la Naci&oacute;n&nbsp;y fue tramitado por el Ministerio de Agroindustria de Mendoza.<\/p>\n<p>En esta oportunidad se instalaron 30 Km. de red troncal de agua potable, integr&aacute;ndola al Acueducto del Desierto abasteciendo&nbsp;la zona con un reservorio de 50.000 lts., m&aacute;s 6 paneles solares, una estaci&oacute;n de bombeo y las conexiones domiciliarias.<\/p>\n<p><img src=\"\/files\/media\/medium_26_09_14agua_lavalle.jpg\" class=\" img-responsive center-block\"><\/p>\n<p>La comunidad Juan Manuel Villegas de San Jos&eacute; pertenece a las etnias huarpes y est&aacute; conformada por 140 familias que congregan a unas 500 personas ligadas por lazos de parentesco, intercambios culturales, econ&oacute;micos y espirituales.&nbsp;<\/p>\n<\/body><\/html>\n","protected":false},"excerpt":{"rendered":"Por primera vez, 21 familias de esta comunidad mendocina, tendr\u00e1n agua potable.","protected":false},"author":3,"featured_media":0,"comment_status":"open","ping_status":"open","sticky":false,"template":"","format":"standard","meta":[],"categories":[19],"tags":[],"_links":{"self":[{"href":"https:\/\/www.mendoza.gov.ar\/prensa\/wp-json\/wp\/v2\/posts\/19472"}],"collection":[{"href":"https:\/\/www.mendoza.gov.ar\/prensa\/wp-json\/wp\/v2\/posts"}],"about":[{"href":"https:\/\/www.mendoza.gov.ar\/prensa\/wp-json\/wp\/v2\/types\/post"}],"author":[{"embeddable":true,"href":"https:\/\/www.mendoza.gov.ar\/prensa\/wp-json\/wp\/v2\/users\/3"}],"replies":[{"embeddable":true,"href":"https:\/\/www.mendoza.gov.ar\/prensa\/wp-json\/wp\/v2\/comments?post=19472"}],"version-history":[{"count":0,"href":"https:\/\/www.mendoza.gov.ar\/prensa\/wp-json\/wp\/v2\/posts\/19472\/revisions"}],"wp:attachment":[{"href":"https:\/\/www.mendoza.gov.ar\/prensa\/wp-json\/wp\/v2\/media?parent=19472"}],"wp:term":[{"taxonomy":"category","embeddable":true,"href":"https:\/\/www.mendoza.gov.ar\/prensa\/wp-json\/wp\/v2\/categories?post=19472"},{"taxonomy":"post_tag","embeddable":true,"href":"https:\/\/www.mendoza.gov.ar\/prensa\/wp-json\/wp\/v2\/tags?post=19472"}],"curies":[{"name":"wp","href":"https:\/\/api.w.org\/{rel}","templated":true}]}}