{"id":19490,"date":"2014-09-24T20:55:00","date_gmt":"2014-09-24T20:55:00","guid":{"rendered":"http:\/\/prensa.wp2.mendoza.gov.ar\/francisco-perez-recibio-a-los-intendentes-suarez-y-cornejo\/"},"modified":"2014-09-24T20:55:00","modified_gmt":"2014-09-24T20:55:00","slug":"francisco-perez-recibio-a-los-intendentes-suarez-y-cornejo","status":"publish","type":"post","link":"https:\/\/www.mendoza.gov.ar\/prensa\/francisco-perez-recibio-a-los-intendentes-suarez-y-cornejo\/","title":{"rendered":"Francisco P\u00e9rez recibi\u00f3 a los intendentes Su\u00e1rez y Cornejo"},"content":{"rendered":"<!DOCTYPE html PUBLIC \"-\/\/W3C\/\/DTD HTML 4.0 Transitional\/\/EN\" \"http:\/\/www.w3.org\/TR\/REC-html40\/loose.dtd\">\n<html><body><p>El gobernador Francisco P&eacute;rez recibi&oacute; en su despacho de Casa de Gobierno a los intendentes Rodolfo Su&aacute;rez (Capital) y Alfredo Cornejo (Godoy Cruz) para tratar temas vinculados al transporte p&uacute;blico de pasajeros y a la gesti&oacute;n unificada de residuos s&oacute;lidos urbanos.<\/p>\n<p>Tras la reuni&oacute;n, que se extendi&oacute; por m&aacute;s de dos horas, se ratific&oacute; la decisi&oacute;n pol&iacute;tica de seguir trabajando en una comisi&oacute;n conjunta (entre el Ejecutivo y representantes de los municipios) para avanzar en puntos centrales de la licitaci&oacute;n del sistema de transporte p&uacute;blico de pasajeros, cuya concesi&oacute;n vence el a&ntilde;o pr&oacute;ximo.<\/p>\n<p>Cuando se trataron temas vinculados al transporte se sum&oacute; el ministro de Transporte, Diego Mart&iacute;nez Palau, quien al t&eacute;rmino del encuentro hizo un balance positivo.<\/p>\n<p>&ldquo;Con el Gobernador nos parece muy bien que la pol&iacute;tica termine legitimando lo que se est&aacute; haciendo desde la t&eacute;cnica y en esto nos pareci&oacute; que era un gesto de madurez pol&iacute;tica empezar a trabajar en temas que son verdaderas pol&iacute;ticas de Estado&rdquo;, dijo el funcionario.<\/p>\n<p>En tanto que Su&aacute;rez asegur&oacute;: &ldquo;Lo primero que rescato es el di&aacute;logo. Integrar esta mesa de conversaci&oacute;n para tratar el tema de transporte y de los residuos s&oacute;lidos urbanos es fundamental. Son temas muy caros tanto para Godoy Cruz como para Capital&rdquo;. En esa l&iacute;nea, el jefe comunal capitalino detall&oacute; que &ldquo;se va a constituir una mesa de trabajo, m&aacute;s all&aacute; de los equipos t&eacute;cnicos, para las grandes definiciones y el Gobernador se ha mostrado proclive&rdquo;.<\/p>\n<p>Por su parte, Cornejo explic&oacute; que &ldquo;est&aacute; prepar&aacute;ndose una licitaci&oacute;n, porque vence el contrato de 10 a&ntilde;os del transporte p&uacute;blico del Gran Mendoza y eso motiv&oacute; la reuni&oacute;n&rdquo;.<\/p>\n<p>El jefe comunal de Godoy Cruz asegur&oacute;: &ldquo;A nosotros nos preocupa porque el transporte p&uacute;blico impacta mucho en la vida cotidiana de la gente pero tambi&eacute;n en la planificaci&oacute;n urbana de la ciudad. Nos interesa hacer nuestras propuestas y el Gobernador nos ha comprometido una comisi&oacute;n, no s&oacute;lo con nosotros sino con los otros departamentos del Gran Mendoza, para que trabaje en forma conjunta en la licitaci&oacute;n que viene&rdquo;.<\/p>\n<p><strong>Gesti&oacute;n unificada de residuos s&oacute;lidos urbanos<\/strong><\/p>\n<p>En el encuentro entre P&eacute;rez y los jefes comunales tambi&eacute;n se trat&oacute; la gesti&oacute;n unificada de residuos s&oacute;lidos urbanos, cuya planta de tratamiento estar&aacute; en El Borboll&oacute;n (Las Heras).<\/p>\n<p>En este tramo del encuentro, se sumaron tambi&eacute;n los ministros Rolando Baldasso (Infraestructura) y Guillermo Elizalde (Tierras, Ambiente y Recursos Naturales).<\/p>\n<p>Al t&eacute;rmino de la reuni&oacute;n, Cornejo explic&oacute; que &ldquo;se ha constituido un consorcio unificado para tratar la basura y a&uacute;n no se licita el proyecto ejecutivo del BID, que licita obras sobre ese tratamiento&rdquo;.<\/p>\n<\/body><\/html>\n","protected":false},"excerpt":{"rendered":"Francisco P\u00e9rez se reuni\u00f3 en su despacho por m\u00e1s de dos horas con los jefes comunales de Capital y Godoy Cruz. Trataron temas vinculados a la nueva concesi\u00f3n del sistema p\u00fablico de pasajeros y sobre la gesti\u00f3n de residuos s\u00f3lidos urbanos.","protected":false},"author":3,"featured_media":0,"comment_status":"open","ping_status":"open","sticky":false,"template":"","format":"standard","meta":[],"categories":[19],"tags":[],"_links":{"self":[{"href":"https:\/\/www.mendoza.gov.ar\/prensa\/wp-json\/wp\/v2\/posts\/19490"}],"collection":[{"href":"https:\/\/www.mendoza.gov.ar\/prensa\/wp-json\/wp\/v2\/posts"}],"about":[{"href":"https:\/\/www.mendoza.gov.ar\/prensa\/wp-json\/wp\/v2\/types\/post"}],"author":[{"embeddable":true,"href":"https:\/\/www.mendoza.gov.ar\/prensa\/wp-json\/wp\/v2\/users\/3"}],"replies":[{"embeddable":true,"href":"https:\/\/www.mendoza.gov.ar\/prensa\/wp-json\/wp\/v2\/comments?post=19490"}],"version-history":[{"count":0,"href":"https:\/\/www.mendoza.gov.ar\/prensa\/wp-json\/wp\/v2\/posts\/19490\/revisions"}],"wp:attachment":[{"href":"https:\/\/www.mendoza.gov.ar\/prensa\/wp-json\/wp\/v2\/media?parent=19490"}],"wp:term":[{"taxonomy":"category","embeddable":true,"href":"https:\/\/www.mendoza.gov.ar\/prensa\/wp-json\/wp\/v2\/categories?post=19490"},{"taxonomy":"post_tag","embeddable":true,"href":"https:\/\/www.mendoza.gov.ar\/prensa\/wp-json\/wp\/v2\/tags?post=19490"}],"curies":[{"name":"wp","href":"https:\/\/api.w.org\/{rel}","templated":true}]}}