{"id":19491,"date":"2014-09-24T18:47:00","date_gmt":"2014-09-24T18:47:00","guid":{"rendered":"http:\/\/prensa.wp2.mendoza.gov.ar\/el-gobierno-refuerza-la-seguridad-de-los-mendocinos\/"},"modified":"2014-09-24T18:47:00","modified_gmt":"2014-09-24T18:47:00","slug":"el-gobierno-refuerza-la-seguridad-de-los-mendocinos","status":"publish","type":"post","link":"https:\/\/www.mendoza.gov.ar\/prensa\/el-gobierno-refuerza-la-seguridad-de-los-mendocinos\/","title":{"rendered":"El Gobierno refuerza la seguridad de los mendocinos"},"content":{"rendered":"<!DOCTYPE html PUBLIC \"-\/\/W3C\/\/DTD HTML 4.0 Transitional\/\/EN\" \"http:\/\/www.w3.org\/TR\/REC-html40\/loose.dtd\">\n<html><body><p>La provincia de Mendoza llam&oacute; a licitaci&oacute;n para la adquisici&oacute;n de un CEO m&oacute;vil, con una inversi&oacute;n de U$S 600.000. Este nuevo concurso de ofertas es la continuaci&oacute;n del Programa de Desarrollo de &Aacute;reas Metropolitanas de interiores (DAMI) que pertenece al Ministerio del Interior y es financiado por el BID, a trav&eacute;s de aportes no reembolsables (ARN), con&nbsp; el que se licitaron hace unas semanas <a href=\"https:\/\/www.mendoza.gov.ar\/prensa\/noticia\/16976\/mendoza-tendra-560-nuevas-camaras-para-su-seguridad\">las c&aacute;maras de seguridad para el &aacute;rea metropolitana mendocina.<\/a><\/p>\n<p>La idea es llegar con el sistema Tetra a la Mendoza profunda a zonas no alcanzadas por la conectividad y\/o asistencia de los servicios de emergencia en forma itinerante, donde a veces no hay ninguna se&ntilde;al, se trata de un cami&oacute;n que lleva la cobertura de emergencia a las zonas donde la se&ntilde;al del 911 no alcanza.<\/p>\n<\/body><\/html>\n","protected":false},"excerpt":{"rendered":"A trav\u00e9s del llamado a licitaci\u00f3n para la adquisici\u00f3n de un CEO m\u00f3vil. La inversi\u00f3n es de U$S 600.000.","protected":false},"author":3,"featured_media":0,"comment_status":"open","ping_status":"open","sticky":false,"template":"","format":"standard","meta":[],"categories":[19],"tags":[],"_links":{"self":[{"href":"https:\/\/www.mendoza.gov.ar\/prensa\/wp-json\/wp\/v2\/posts\/19491"}],"collection":[{"href":"https:\/\/www.mendoza.gov.ar\/prensa\/wp-json\/wp\/v2\/posts"}],"about":[{"href":"https:\/\/www.mendoza.gov.ar\/prensa\/wp-json\/wp\/v2\/types\/post"}],"author":[{"embeddable":true,"href":"https:\/\/www.mendoza.gov.ar\/prensa\/wp-json\/wp\/v2\/users\/3"}],"replies":[{"embeddable":true,"href":"https:\/\/www.mendoza.gov.ar\/prensa\/wp-json\/wp\/v2\/comments?post=19491"}],"version-history":[{"count":0,"href":"https:\/\/www.mendoza.gov.ar\/prensa\/wp-json\/wp\/v2\/posts\/19491\/revisions"}],"wp:attachment":[{"href":"https:\/\/www.mendoza.gov.ar\/prensa\/wp-json\/wp\/v2\/media?parent=19491"}],"wp:term":[{"taxonomy":"category","embeddable":true,"href":"https:\/\/www.mendoza.gov.ar\/prensa\/wp-json\/wp\/v2\/categories?post=19491"},{"taxonomy":"post_tag","embeddable":true,"href":"https:\/\/www.mendoza.gov.ar\/prensa\/wp-json\/wp\/v2\/tags?post=19491"}],"curies":[{"name":"wp","href":"https:\/\/api.w.org\/{rel}","templated":true}]}}