{"id":19501,"date":"2014-09-24T10:45:00","date_gmt":"2014-09-24T10:45:00","guid":{"rendered":"http:\/\/prensa.wp2.mendoza.gov.ar\/el-gobernador-participo-en-los-actos-de-la-patrona-de-maipu\/"},"modified":"2014-09-24T10:45:00","modified_gmt":"2014-09-24T10:45:00","slug":"el-gobernador-participo-en-los-actos-de-la-patrona-de-maipu","status":"publish","type":"post","link":"https:\/\/www.mendoza.gov.ar\/prensa\/el-gobernador-participo-en-los-actos-de-la-patrona-de-maipu\/","title":{"rendered":"El Gobernador particip\u00f3 en los actos de la Patrona de Maip\u00fa"},"content":{"rendered":"<!DOCTYPE html PUBLIC \"-\/\/W3C\/\/DTD HTML 4.0 Transitional\/\/EN\" \"http:\/\/www.w3.org\/TR\/REC-html40\/loose.dtd\">\n<html><body><p>El gobernador Francisco P&eacute;rez y el intendente de Maip&uacute;, Alejandro Bermejo, encabezaron&nbsp;los festejos conmemorativos en honor de Nuestra Se&ntilde;ora de la Merced, patrona de ese departamento.<\/p>\n<p>Los actos comenzaron cerca de las 9 en la plaza departamental, con el izamiento de la bandera.<\/p>\n<p><img src=\"\/files\/media\/medium_24_09_14aniversario_maipu.jpg\" class=\" img-responsive center-block\"><\/p>\n<p><span style=\"line-height: 1.6em\">El Gobernador junto con los ministros Diego Mart&iacute;nez Palau (Transporte), Rodolfo Lafalla (Justicia, Trabajo y Gobierno) y Marcelo Locamuz (Deportes); Leonardo Comperatore (Seguridad); Rolando Baldasso (Infraestructura); Guillermo Elizalde (Tierras, Ambiente y Recursos Naturales); Marcos Zandomeni (Energ&iacute;a), Marisul Iba&ntilde;ez, (Cultura) y Mar&iacute;a In&eacute;s Abrile de Vollmer (DGE)&nbsp;participaron&nbsp;en el desfile c&iacute;vico-militar que se desarroll&oacute;&nbsp;sobre la calle Ozamis, entre Mitre y Tropero Sosa.<\/span><\/p>\n<p>Tambi&eacute;n acompa&ntilde;aron a P&eacute;rez, el senador nacional Adolfo Bermejo, el ministro de Agroindustria y Tecnolog&iacute;a, Marcelo Costa&nbsp;y la secretaria coordinadora de Gobernaci&oacute;n, Lia &Aacute;lvarez.<\/p>\n<\/body><\/html>\n","protected":false},"excerpt":{"rendered":"Francisco P\u00e9rez encabez\u00f3 los festejos en honor a Nuestra Se\u00f1ora de la Merced, patrona del departamento. Junto al mandatario estuvo el intendente Alejandro Bermejo y parte de su Gabinete.","protected":false},"author":3,"featured_media":0,"comment_status":"open","ping_status":"open","sticky":false,"template":"","format":"standard","meta":[],"categories":[19],"tags":[],"_links":{"self":[{"href":"https:\/\/www.mendoza.gov.ar\/prensa\/wp-json\/wp\/v2\/posts\/19501"}],"collection":[{"href":"https:\/\/www.mendoza.gov.ar\/prensa\/wp-json\/wp\/v2\/posts"}],"about":[{"href":"https:\/\/www.mendoza.gov.ar\/prensa\/wp-json\/wp\/v2\/types\/post"}],"author":[{"embeddable":true,"href":"https:\/\/www.mendoza.gov.ar\/prensa\/wp-json\/wp\/v2\/users\/3"}],"replies":[{"embeddable":true,"href":"https:\/\/www.mendoza.gov.ar\/prensa\/wp-json\/wp\/v2\/comments?post=19501"}],"version-history":[{"count":0,"href":"https:\/\/www.mendoza.gov.ar\/prensa\/wp-json\/wp\/v2\/posts\/19501\/revisions"}],"wp:attachment":[{"href":"https:\/\/www.mendoza.gov.ar\/prensa\/wp-json\/wp\/v2\/media?parent=19501"}],"wp:term":[{"taxonomy":"category","embeddable":true,"href":"https:\/\/www.mendoza.gov.ar\/prensa\/wp-json\/wp\/v2\/categories?post=19501"},{"taxonomy":"post_tag","embeddable":true,"href":"https:\/\/www.mendoza.gov.ar\/prensa\/wp-json\/wp\/v2\/tags?post=19501"}],"curies":[{"name":"wp","href":"https:\/\/api.w.org\/{rel}","templated":true}]}}