{"id":19525,"date":"2014-09-22T20:07:00","date_gmt":"2014-09-22T20:07:00","guid":{"rendered":"http:\/\/prensa.wp2.mendoza.gov.ar\/perez-se-reunio-en-san-martin-con-productores-rurales\/"},"modified":"2014-09-22T20:07:00","modified_gmt":"2014-09-22T20:07:00","slug":"perez-se-reunio-en-san-martin-con-productores-rurales","status":"publish","type":"post","link":"https:\/\/www.mendoza.gov.ar\/prensa\/perez-se-reunio-en-san-martin-con-productores-rurales\/","title":{"rendered":"P\u00e9rez se reuni\u00f3 en San Mart\u00edn con productores rurales"},"content":{"rendered":"<!DOCTYPE html PUBLIC \"-\/\/W3C\/\/DTD HTML 4.0 Transitional\/\/EN\" \"http:\/\/www.w3.org\/TR\/REC-html40\/loose.dtd\">\n<html><body><p>Con el fin de escuchar y dar respuestas a las necesidades del agro mendocino, el gobernador Francisco P&eacute;rez se reuni&oacute; esta tarde en San Mart&iacute;n con cerca de 50 productores de diferentes puntos de la provincia.<\/p>\n<p>El encuentro sirvi&oacute; para fijar los temas prioritarios en el desarrollo de una agenda de trabajo sobre diferentes puntos que plantearon desde APA (Asociaci&oacute;n de Productores Agr&iacute;colas).<\/p>\n<p>Los &iacute;tems m&aacute;s importantes son el operativo de compra de uva, los cr&eacute;ditos del Fondo para la Transformaci&oacute;n y el Crecimiento (FTyC), cuestiones vinculados al riego, la pol&iacute;tica impositiva, caminos rurales y el precio del vino, el grado alcoh&oacute;lico, los pr&eacute;stamos para adquirir maquinaria&nbsp;y el seguro agr&iacute;cola.<\/p>\n<p>La idea del Ejecutivo que encabeza el Gobernador es brindar soluciones a los problemas de la cosecha anterior y anticiparse a posibles inconvenientes que puedan presentarse en la pr&oacute;xima temporada.<\/p>\n<p>El encuentro en San Mart&iacute;n se da en la misma l&iacute;nea de las reuniones anteriores que mantuvieron miembros de APA con funcionarios del Gobierno en Casa de Gobierno. En la &uacute;ltima, P&eacute;rez se comprometi&oacute; a realizar una mesa de trabajo donde los productores pudieran plantear sus necesidades.<\/p>\n<p>El objetivo de esta mesa es escuchar sin intermediarios a los protagonistas de la producci&oacute;n local para que en forma conjunta se encuentren soluciones a los problemas existentes.<\/p>\n<p>Tambi&eacute;n participaron de la reuni&oacute;n el ministro de Agroindustria, Marcelo Costa; el titular del INV, Guillermo Garc&iacute;a, el superintendente general de Irrigaci&oacute;n, Jos&eacute; Luis &Aacute;lvarez; el titular del FTyC, Enrique Soler; el presidente del ISCAMEN, Ra&uacute;l Mill&aacute;n; y los intendentes Jorge Gim&eacute;nez (San Mart&iacute;n) y Mario Abed (Jun&iacute;n).<\/p>\n<p>El Gobernador insisti&oacute; ante los productores con la importancia que tiene el asociativismo para fortalecer las acciones, que tienen mucho mayor alcance en conjunto que por separado.<\/p>\n<\/body><\/html>\n","protected":false},"excerpt":{"rendered":"El Gobernador mantuvo un encuentro con cerca de 50 personas que tienen producci\u00f3n agr\u00edcola. Se estableci\u00f3 una mesa de trabajo para resolver problemas de la cosecha anterior y anticiparse a los inconvenientes venideros.","protected":false},"author":3,"featured_media":0,"comment_status":"open","ping_status":"open","sticky":false,"template":"","format":"standard","meta":[],"categories":[19],"tags":[],"_links":{"self":[{"href":"https:\/\/www.mendoza.gov.ar\/prensa\/wp-json\/wp\/v2\/posts\/19525"}],"collection":[{"href":"https:\/\/www.mendoza.gov.ar\/prensa\/wp-json\/wp\/v2\/posts"}],"about":[{"href":"https:\/\/www.mendoza.gov.ar\/prensa\/wp-json\/wp\/v2\/types\/post"}],"author":[{"embeddable":true,"href":"https:\/\/www.mendoza.gov.ar\/prensa\/wp-json\/wp\/v2\/users\/3"}],"replies":[{"embeddable":true,"href":"https:\/\/www.mendoza.gov.ar\/prensa\/wp-json\/wp\/v2\/comments?post=19525"}],"version-history":[{"count":0,"href":"https:\/\/www.mendoza.gov.ar\/prensa\/wp-json\/wp\/v2\/posts\/19525\/revisions"}],"wp:attachment":[{"href":"https:\/\/www.mendoza.gov.ar\/prensa\/wp-json\/wp\/v2\/media?parent=19525"}],"wp:term":[{"taxonomy":"category","embeddable":true,"href":"https:\/\/www.mendoza.gov.ar\/prensa\/wp-json\/wp\/v2\/categories?post=19525"},{"taxonomy":"post_tag","embeddable":true,"href":"https:\/\/www.mendoza.gov.ar\/prensa\/wp-json\/wp\/v2\/tags?post=19525"}],"curies":[{"name":"wp","href":"https:\/\/api.w.org\/{rel}","templated":true}]}}