{"id":19555,"date":"2014-09-19T14:49:00","date_gmt":"2014-09-19T14:49:00","guid":{"rendered":"http:\/\/prensa.wp2.mendoza.gov.ar\/tomada-entrego-la-personeria-gremial-a-una-federacion-de-municipales\/"},"modified":"2014-09-19T14:49:00","modified_gmt":"2014-09-19T14:49:00","slug":"tomada-entrego-la-personeria-gremial-a-una-federacion-de-municipales","status":"publish","type":"post","link":"https:\/\/www.mendoza.gov.ar\/prensa\/tomada-entrego-la-personeria-gremial-a-una-federacion-de-municipales\/","title":{"rendered":"Tomada entreg\u00f3 la personer\u00eda gremial a una federaci\u00f3n de municipales"},"content":{"rendered":"<!DOCTYPE html PUBLIC \"-\/\/W3C\/\/DTD HTML 4.0 Transitional\/\/EN\" \"http:\/\/www.w3.org\/TR\/REC-html40\/loose.dtd\">\n<html><body><p>Luego de la reuni&oacute;n en Casa de Gobierno, el gobernador Francisco P&eacute;rez y el ministro de Trabajo, Carlos Tomada se dirigieron a una actividad de la Federaci&oacute;n de Sindicatos Municipales de Mendoza.<br>\nAll&iacute;, el Ministro de Trabajo de la Naci&oacute;n entreg&oacute; la Personer&iacute;a Gremial a la Federaci&oacute;n habilit&aacute;ndolos a participar en nombre de los Sindicatos Municipales de Mendoza en las paritarias provinciales.<\/p>\n<p>En el acto, P&eacute;rez rescat&oacute; las conquistas de los trabajadores. En esa l&iacute;nea afirm&oacute; que &ldquo;nadie discute las dificultades pero en la vida o uno es parte del problema o es parte de la soluci&oacute;n. La responsabilidad m&aacute;xima que ustedes empiezan a tener hoy es reivindicar las conquistas que han logrado y desde ese lugar seguir discutiendo\".<\/p>\n<p><img src=\"\/files\/media\/medium_DSC_9608.jpg\" class=\" img-responsive center-block\"><\/p>\n<p>Por su parte, Tomada se&ntilde;al&oacute; que &ldquo;Mendoza es una de las pocas provincias en la que los trabajadores municipales participan en las negociaciones salariales, lo que demuestra que es una referencia y un ejemplo para otras provincias&rdquo;. Y agreg&oacute; que &ldquo;desde 2003 hemos podido salir adelante no tan s&oacute;lo por la decisi&oacute;n de N&eacute;stor Kirchner de darle valor a lo gremial, sino porque los actores han sabido cuidar este instrumento&rdquo;.<\/p>\n<p>El Ministro de Trabajo de la Naci&oacute;n subray&oacute; que &ldquo;hay un derecho pleno de que los municipales tengan su negociaci&oacute;n colectiva, pero recordemos que este Gobierno ha ampliado el horizonte de derechos de todos los ciudadanos. Vamos a seguir trabajando por m&aacute;s derechos ya que nosotros trabajamos para futuras generaciones y pagaremos la deuda que tenemos con los municipales&rdquo;.<\/p>\n<p>La Federaci&oacute;n de Sindicatos Municipales de Mendoza es una entidad de Segundo grado que agrupa a los Sindicatos Municipales de nueve departamentos de Mendoza.<\/p>\n<p><strong>Nota relacionada<\/strong>:&nbsp;<a href=\"https:\/\/www.mendoza.gov.ar\/prensa\/noticia\/17088\/perez-y-tomada-recibieron-a-autoridades-de-impsa-y-de-los-gremios-del-sectir-metalurgico\">P&eacute;rez y Tomada recibieron a autoridades de IMPSA y de los gremios del sector metal&uacute;rgico<\/a><\/p>\n<\/body><\/html>\n","protected":false},"excerpt":{"rendered":"El funcionario se\u00f1al\u00f3 que Mendoza es una de las pocas provincias en la que los trabajadores municipales participan en las negociaciones salariales, lo que demuestra que es una referencia y un ejemplo para otras provincias.","protected":false},"author":3,"featured_media":0,"comment_status":"open","ping_status":"open","sticky":false,"template":"","format":"standard","meta":[],"categories":[19],"tags":[],"_links":{"self":[{"href":"https:\/\/www.mendoza.gov.ar\/prensa\/wp-json\/wp\/v2\/posts\/19555"}],"collection":[{"href":"https:\/\/www.mendoza.gov.ar\/prensa\/wp-json\/wp\/v2\/posts"}],"about":[{"href":"https:\/\/www.mendoza.gov.ar\/prensa\/wp-json\/wp\/v2\/types\/post"}],"author":[{"embeddable":true,"href":"https:\/\/www.mendoza.gov.ar\/prensa\/wp-json\/wp\/v2\/users\/3"}],"replies":[{"embeddable":true,"href":"https:\/\/www.mendoza.gov.ar\/prensa\/wp-json\/wp\/v2\/comments?post=19555"}],"version-history":[{"count":0,"href":"https:\/\/www.mendoza.gov.ar\/prensa\/wp-json\/wp\/v2\/posts\/19555\/revisions"}],"wp:attachment":[{"href":"https:\/\/www.mendoza.gov.ar\/prensa\/wp-json\/wp\/v2\/media?parent=19555"}],"wp:term":[{"taxonomy":"category","embeddable":true,"href":"https:\/\/www.mendoza.gov.ar\/prensa\/wp-json\/wp\/v2\/categories?post=19555"},{"taxonomy":"post_tag","embeddable":true,"href":"https:\/\/www.mendoza.gov.ar\/prensa\/wp-json\/wp\/v2\/tags?post=19555"}],"curies":[{"name":"wp","href":"https:\/\/api.w.org\/{rel}","templated":true}]}}