{"id":19566,"date":"2014-09-18T20:29:00","date_gmt":"2014-09-18T20:29:00","guid":{"rendered":"http:\/\/prensa.wp2.mendoza.gov.ar\/el-gobernador-entrego-viviendas-y-mejoramientos-habitacionales-en-san-martin\/"},"modified":"2014-09-18T20:29:00","modified_gmt":"2014-09-18T20:29:00","slug":"el-gobernador-entrego-viviendas-y-mejoramientos-habitacionales-en-san-martin","status":"publish","type":"post","link":"https:\/\/www.mendoza.gov.ar\/prensa\/el-gobernador-entrego-viviendas-y-mejoramientos-habitacionales-en-san-martin\/","title":{"rendered":"El Gobernador entreg\u00f3 viviendas y mejoramientos habitacionales en San Mart\u00edn"},"content":{"rendered":"<!DOCTYPE html PUBLIC \"-\/\/W3C\/\/DTD HTML 4.0 Transitional\/\/EN\" \"http:\/\/www.w3.org\/TR\/REC-html40\/loose.dtd\">\n<html><body><p>El gobernador Francisco P&eacute;rez, junto al intendente de San Mart&iacute;n Jorge Gim&eacute;nez y el presidente del IPV Omar Parisi, hizo entrega de nuevas viviendas del B&ordm; Jos&eacute; Hern&aacute;ndez IV en Palmira y particip&oacute; de la inauguraci&oacute;n 21 mejoramientos habitacionales en el distrito Chapanay.<\/p>\n<p>El emprendimiento ubicado en la Ruta Provincial N&ordm; 50 s\/n&ordm; y calle Marengo, en Palmira, consta de 59 casas en esta cuarta etapa del barrio y demand&oacute; una inversi&oacute;n inicial de m&aacute;s de $15 millones, correspondientes al Programa Federal &ldquo;Techo Digno&rdquo;. Las viviendas entregadas esta tarde constan de dos dormitorios, cocina-comedor, pasillo, ba&ntilde;o y lavadero en exterior. Adem&aacute;s fue construida una casa con caracter&iacute;sticas bioclim&aacute;ticas, que proporciona un ahorro importante en energ&iacute;a.<\/p>\n<p>\"Ya vamos por la cuarta etapa de este barrio, el que tambien estamos asfaltando. Entregar viviendas no es tan solo que haya nuevos hogares. Ac&aacute; se han invertido 15 millones de pesos, lo que genera mano de obra y pone en movimiento a los corralones, y dem&aacute;s comercios que est&aacute;n ligados a la construcci&oacute;n de viviendas\", manifest&oacute; el Gobernador durante el acto de entrega.<\/p>\n<p>Posteriormente, el mandatario provincial inaugur&oacute; 21 mejoramientos habitacionales en la calle V&eacute;liz del Distrito Chapanay, que fueron construidos en el marco del Programa Federal &ldquo;Mejor Vivir&rdquo;. Las obras, que demandaron una inversi&oacute;n de m&aacute;s de $ 700.000, constan de estar-comedor, dormitorio y\/o ba&ntilde;o, seg&uacute;n las necesidades de cada familia beneficiada.<\/p>\n<p>Ante los vecinos, P&eacute;rez expres&oacute;: \"Podemos celebrar el mejoramiento de la calidad de vida, y tambi&eacute;n me llevo pedidos que vamos a atender con mi equipo de trabajo. Tenemos cerca la escuela Hudson, que tiene cien a&ntilde;os y a la que le vamos a sumar el cierre perimetral que nos solicito la directora. El Estado debe responder ante toda la comunidad, pero fundamentalmente debe estar cerca de los m&aacute;s alejados y de quienes mas lo necesitan\".<\/p>\n<p><img src=\"\/files\/media\/medium_18_09_14_gobernador_entrega_viviendas3.jpg\" class=\" img-responsive center-block\"><\/p>\n<\/body><\/html>\n","protected":false},"excerpt":{"rendered":"En Palmira, P\u00e9rez proporcion\u00f3 59 casas de la cuarta etapa del barrio Jos\u00e9 Hern\u00e1ndez y en Chapanay, inaugur\u00f3 las ampliaciones y refacciones que benefician a decenas de familias.","protected":false},"author":3,"featured_media":0,"comment_status":"open","ping_status":"open","sticky":false,"template":"","format":"standard","meta":[],"categories":[19],"tags":[],"_links":{"self":[{"href":"https:\/\/www.mendoza.gov.ar\/prensa\/wp-json\/wp\/v2\/posts\/19566"}],"collection":[{"href":"https:\/\/www.mendoza.gov.ar\/prensa\/wp-json\/wp\/v2\/posts"}],"about":[{"href":"https:\/\/www.mendoza.gov.ar\/prensa\/wp-json\/wp\/v2\/types\/post"}],"author":[{"embeddable":true,"href":"https:\/\/www.mendoza.gov.ar\/prensa\/wp-json\/wp\/v2\/users\/3"}],"replies":[{"embeddable":true,"href":"https:\/\/www.mendoza.gov.ar\/prensa\/wp-json\/wp\/v2\/comments?post=19566"}],"version-history":[{"count":0,"href":"https:\/\/www.mendoza.gov.ar\/prensa\/wp-json\/wp\/v2\/posts\/19566\/revisions"}],"wp:attachment":[{"href":"https:\/\/www.mendoza.gov.ar\/prensa\/wp-json\/wp\/v2\/media?parent=19566"}],"wp:term":[{"taxonomy":"category","embeddable":true,"href":"https:\/\/www.mendoza.gov.ar\/prensa\/wp-json\/wp\/v2\/categories?post=19566"},{"taxonomy":"post_tag","embeddable":true,"href":"https:\/\/www.mendoza.gov.ar\/prensa\/wp-json\/wp\/v2\/tags?post=19566"}],"curies":[{"name":"wp","href":"https:\/\/api.w.org\/{rel}","templated":true}]}}