{"id":19578,"date":"2014-09-18T12:23:00","date_gmt":"2014-09-18T12:23:00","guid":{"rendered":"http:\/\/prensa.wp2.mendoza.gov.ar\/perez-entrego-mas-de-1-millon-para-la-cooperativa-curtidores-de-mendoza-en-maipu\/"},"modified":"2014-09-18T12:23:00","modified_gmt":"2014-09-18T12:23:00","slug":"perez-entrego-mas-de-1-millon-para-la-cooperativa-curtidores-de-mendoza-en-maipu","status":"publish","type":"post","link":"https:\/\/www.mendoza.gov.ar\/prensa\/perez-entrego-mas-de-1-millon-para-la-cooperativa-curtidores-de-mendoza-en-maipu\/","title":{"rendered":"P\u00e9rez entreg\u00f3 m\u00e1s de $1 mill\u00f3n para la Cooperativa \u201cCurtidores de Mendoza\u201d en Maip\u00fa"},"content":{"rendered":"<!DOCTYPE html PUBLIC \"-\/\/W3C\/\/DTD HTML 4.0 Transitional\/\/EN\" \"http:\/\/www.w3.org\/TR\/REC-html40\/loose.dtd\">\n<html><body><p>El gobernador Francisco P&eacute;rez y la subsecretaria de Organizaci&oacute;n Comunitaria del Ministerio de Desarrollo Social de la Naci&oacute;n,&nbsp;Alicia Soraide,&nbsp;entregaron $1.267.000 del proyecto \"Manos a la Obra\" para la Cooperativa de Trabajo &ldquo;Curtidores de Mendoza LTDA&rdquo; de Maip&uacute;, empresa autogestionada por los empleados desde 2007.<\/p>\n<p>En el acto tambi&eacute;n participaron el intendente de Maip&uacute;, Alejandro Bermejo; los ministros Cristi&aacute;n Bassin (Desarrollo Social y Derechos Humanos) y Guillermo Elizalde (Tierras, Ambiente y Recursos Naturales); y la subsecretaria de Educaci&oacute;n, M&oacute;nica Soto.&nbsp;<\/p>\n<p>\"Este subsidio sirve para sostener las fuentes de trabajo, tener una m&aacute;quina nueva dar&aacute; m&aacute;s mano de obra. La semana que viene pondremos en marcha la nueva maquinaria. Tener una cooperativa no es f&aacute;cil, pero hemos podido cuidar las fuentes de trabajo\", indic&oacute; en su discurso Manuel Valero, presidente de la cooperativa.<\/p>\n<p>&ldquo;Curtidores de Mendoza LTDA&rdquo; procesa&nbsp;pieles de vaca y de cabra para convertirlas en cuero. En&nbsp;mayo de 2007, tras varios a&ntilde;os del cese paulatino de actividades de la curtiembre Argentina Italia S.A., los trabajadores se organizaron, pidieron el quiebre de la empresa y obtuvieron la ley de ocupaci&oacute;n temporaria. A partir de ese momento comenz&oacute; la autogesti&oacute;n de las fuentes de trabajo.<\/p>\n<p>En un principio fueron 22 personas las que iniciaron el proceso de recuperaci&oacute;n. Hoy la f&aacute;brica sigue en pie, produciendo con una fuerza de trabajo de 100 trabajadores.<\/p>\n<p>La curtiembre forma parte de las siete empresas recuperadas en Mendoza que generan trabajo para cientos de mendocinas y facturan $2 millones anuales. Estas cooperativas son herramientas de justicia, como generadoras de riqueza, puntales en el desarrollo y de crecimiento equitativo de la sociedad.<\/p>\n<p>Soraide explic&oacute; que \"ya hay m&aacute;s de 430 mil trabajadores en empresas recuperadas en todo el pa&iacute;s\". Y agreg&oacute; que \"estos hechos suceden porque hay una pol&iacute;tica nacional de llegar a cada rinc&oacute;n del pa&iacute;s. En Mendoza vamos a seguir trabajando para que, entre otras cosas, erradiquemos los basurales\".<\/p>\n<p>Mientras que el Gobernador cont&oacute; que \"hay cientos de caprineros que se ven beneficiados con el trabajo de esta empresa. Tenemos una agencia de comercializacion que tambien va a ayudar a comercializar estos productos. En Mendoza somos pioneros en legislaci&oacute;n de econom&iacute;a social, como tambi&eacute;n est&aacute;n incorporados como proveedores del Estado\".<\/p>\n<p>P&eacute;rez indic&oacute; adem&aacute;s que \"estos son verdaderos proyectos colectivos, que entiende a la comunidad organizada. Debemos seguir construyendo un pa&iacute;s con m&aacute;s inclusi&oacute;n y mayor articulaci&oacute;n. Estamos entregando herramientas de trabajo, que es mucho m&aacute;s que entregar un subsidio. Esto se trata de la dignidad que tienen estos trabajadores, quienes han pasado a ser empresarios con responsabilidad social\".<\/p>\n<p><span style=\"line-height: 1.6em\">La cooperativa &ldquo;Curtidores de Mendoza LTDA&rdquo;&nbsp;elabora actualmente un promedio mensual de 40 toneladas de materia prima (piel) que es transformada en curtido semi-terminado (de vacunos y caprinos). El gran fuerte de la empresa es el cuero semi-terminado cuyo destino es la Industria del Calzado.<\/span><\/p>\n<p>Los cueros que industrializan los trabajadores son de origen: 80% Bovinos (40% de la provincia y el 60% del resto del pa&iacute;s), 18% Caprinos (Origen de Mendoza), 2% Ovinos (origen de Mendoza). Es la &uacute;nica curtiembre mendocina en cuanto a su actividad y envergadura.<\/p>\n<p><strong style=\"line-height: 1.6em\">Una agenda apretada<\/strong><\/p>\n<p>La actividad form&oacute; parte de una intensa agenda en la que participaron autoridades de Desarrollo Social de la Naci&oacute;n.<\/p>\n<p>En la ma&ntilde;ana, P&eacute;rez recibi&oacute; en su despacho a Soraide, junto con el secretario de Econom&iacute;a Social de la Naci&oacute;n, Carlos Vivero,&nbsp;y&nbsp;parte del equipo que los&nbsp;acompa&ntilde;&oacute;.<\/p>\n<p><img src=\"\/files\/media\/medium_18_09_14_Perez_con_Alicia_Soraide.jpg\" class=\" img-responsive center-block\"><\/p>\n<p><strong>Nota relacionada<\/strong>: <a href=\"https:\/\/www.mendoza.gov.ar\/prensa\/noticia\/17066\/el-ejecutivo-firmo-convenio-para-ampliar-el-edificio-de-la-escuela-eva-peron-1411066320\">El Ejecutivo firm&oacute; convenio para ampliar el edificio de la escuela Eva Per&oacute;n&nbsp;<\/a><\/p>\n<\/body><\/html>\n","protected":false},"excerpt":{"rendered":"Se trata de una empresa recuperada por los empleados. Iniciaron 22 personas y hoy tiene m\u00e1s de 100 trabajadores. Adem\u00e1s se firmaron convenios y entregaron \u00f3rdenes de pagos para distintas instituciones.","protected":false},"author":3,"featured_media":0,"comment_status":"open","ping_status":"open","sticky":false,"template":"","format":"standard","meta":[],"categories":[19],"tags":[],"_links":{"self":[{"href":"https:\/\/www.mendoza.gov.ar\/prensa\/wp-json\/wp\/v2\/posts\/19578"}],"collection":[{"href":"https:\/\/www.mendoza.gov.ar\/prensa\/wp-json\/wp\/v2\/posts"}],"about":[{"href":"https:\/\/www.mendoza.gov.ar\/prensa\/wp-json\/wp\/v2\/types\/post"}],"author":[{"embeddable":true,"href":"https:\/\/www.mendoza.gov.ar\/prensa\/wp-json\/wp\/v2\/users\/3"}],"replies":[{"embeddable":true,"href":"https:\/\/www.mendoza.gov.ar\/prensa\/wp-json\/wp\/v2\/comments?post=19578"}],"version-history":[{"count":0,"href":"https:\/\/www.mendoza.gov.ar\/prensa\/wp-json\/wp\/v2\/posts\/19578\/revisions"}],"wp:attachment":[{"href":"https:\/\/www.mendoza.gov.ar\/prensa\/wp-json\/wp\/v2\/media?parent=19578"}],"wp:term":[{"taxonomy":"category","embeddable":true,"href":"https:\/\/www.mendoza.gov.ar\/prensa\/wp-json\/wp\/v2\/categories?post=19578"},{"taxonomy":"post_tag","embeddable":true,"href":"https:\/\/www.mendoza.gov.ar\/prensa\/wp-json\/wp\/v2\/tags?post=19578"}],"curies":[{"name":"wp","href":"https:\/\/api.w.org\/{rel}","templated":true}]}}