{"id":19589,"date":"2014-09-17T13:31:00","date_gmt":"2014-09-17T13:31:00","guid":{"rendered":"http:\/\/prensa.wp2.mendoza.gov.ar\/el-gobernador-encabezo-la-presentacion-del-partido-entre-los-pumas-y-australia\/"},"modified":"2014-09-17T13:31:00","modified_gmt":"2014-09-17T13:31:00","slug":"el-gobernador-encabezo-la-presentacion-del-partido-entre-los-pumas-y-australia","status":"publish","type":"post","link":"https:\/\/www.mendoza.gov.ar\/prensa\/el-gobernador-encabezo-la-presentacion-del-partido-entre-los-pumas-y-australia\/","title":{"rendered":"El Gobernador encabez\u00f3 la presentaci\u00f3n del partido entre Los Pumas y Australia"},"content":{"rendered":"<!DOCTYPE html PUBLIC \"-\/\/W3C\/\/DTD HTML 4.0 Transitional\/\/EN\" \"http:\/\/www.w3.org\/TR\/REC-html40\/loose.dtd\">\n<html><body><p><span style=\"line-height: 1.6em\">El gobernador Francisco P&eacute;rez recibi&oacute; este mediod&iacute;a en su despacho al ex jugador de Los Pumas, Agust&iacute;n Pichot, para ultimar detalles del partido que jugar&aacute;n Los Pumas y el seleccionado de Australia en Mendoza el pr&oacute;ximo 4 de octubre, en el marco del torneo Rugby Championship 2014.<\/span><\/p>\n<p><span style=\"line-height: 1.6em\">El encuentro ser&aacute; transmitido por la TV P&uacute;blica y en Mendoza se ver&aacute; por la pantalla de Acequia.<\/span><\/p>\n<p><span style=\"line-height: 1.6em\">Pichot lleg&oacute; acompa&ntilde;ado por otros dirigentes del rugby nacional y regional, como Carlos Araujo, presidente de la Uni&oacute;n Argentina de Rugby (UAR); y Ricardo Ragazzone, titular de la Uni&oacute;n de Rugby de Cuyo (URC).<\/span><\/p>\n<p><span style=\"line-height: 1.6em\">Luego, todos se trasladaron al sal&oacute;n Patricias Mendocinas del Cuarto Piso, en donde brindaron una conferencia de prensa junto con los ministros Marcelo Locamuz (Deportes) y Javier Espina (Turismo).<\/span><\/p>\n<p><span style=\"line-height: 1.6em\">&ldquo;Quiero agradecer a todo el equipo de Deportes y de Turismo. Venimos de muchos a&ntilde;os de trabajo para poder incorporarnos a torneos mundiales de esta categor&iacute;a. Los mejores resultados de Los Pumas fueron en Mendoza y ahora vamos a ganar&rdquo;, seg&uacute;n brome&oacute; P&eacute;rez durante el contacto con periodistas.<\/span><\/p>\n<p><span style=\"line-height: 1.6em\">En tanto que Araujo destac&oacute; que &ldquo;es un evento que tiene repercusi&oacute;n mundial, que es visto por 1.800 millones de televidentes que estar&aacute;n viendo Mendoza. Esto es muy importante desde el punto de vista social&rdquo;.<\/span><\/p>\n<p><span style=\"line-height: 1.6em\">Mientras que Pichot se mostr&oacute; orgulloso de volver a traer lo mejor del rugby mundial a Mendoza. &ldquo;Para m&iacute; es un placer estar en Mendoza un a&ntilde;o m&aacute;s, todos quedaron muy contentos, los jugadores y el p&uacute;blico est&aacute;n encantados. Hoy los sudafricanos dicen &iquest;por qu&eacute; no jugamos en Mendoza?&rdquo;, cont&oacute; entre risas.<\/span><\/p>\n<p><span style=\"line-height: 1.6em\">El ex jugador de Los Pumas y actual dirigente de la UAR relat&oacute; adem&aacute;s que Mendoza fue el primer destino que comenz&oacute; a mencionarse cuando empez&oacute; a verse el calendario 2014.<\/span><\/p>\n<p><span style=\"line-height: 1.6em\">Pichot destac&oacute; adem&aacute;s la importancia del deporte en lo social.<\/span><\/p>\n<p><span style=\"line-height: 1.6em\">En Mendoza ya hay reservas en hoteles de primera categor&iacute;a para ese fin de semana, que se espera ser&aacute; muy positivo en lo tur&iacute;stico.<\/span><\/p>\n<p><span style=\"line-height: 1.6em\">\"Es una gran alegr&iacute;a recibir un evento de esta envergadura otro a&ntilde;o m&aacute;s. Es una clara muestra de que estamos capacitados en lo organizativo y en cuanto a la infraestructura\", tal como se&ntilde;al&oacute; Locamuz.<\/span><\/p>\n<p><span style=\"line-height: 1.6em\">&nbsp;<\/span><\/p>\n<\/body><\/html>\n","protected":false},"excerpt":{"rendered":"El encuentro se jugar\u00e1 en el Malvinas Argentinas el 4 de octubre. Ser\u00e1 transmitido por la TV P\u00fablica y en Mendoza se ver\u00e1 en la pantalla de Acequia.","protected":false},"author":3,"featured_media":0,"comment_status":"open","ping_status":"open","sticky":false,"template":"","format":"standard","meta":[],"categories":[19],"tags":[],"_links":{"self":[{"href":"https:\/\/www.mendoza.gov.ar\/prensa\/wp-json\/wp\/v2\/posts\/19589"}],"collection":[{"href":"https:\/\/www.mendoza.gov.ar\/prensa\/wp-json\/wp\/v2\/posts"}],"about":[{"href":"https:\/\/www.mendoza.gov.ar\/prensa\/wp-json\/wp\/v2\/types\/post"}],"author":[{"embeddable":true,"href":"https:\/\/www.mendoza.gov.ar\/prensa\/wp-json\/wp\/v2\/users\/3"}],"replies":[{"embeddable":true,"href":"https:\/\/www.mendoza.gov.ar\/prensa\/wp-json\/wp\/v2\/comments?post=19589"}],"version-history":[{"count":0,"href":"https:\/\/www.mendoza.gov.ar\/prensa\/wp-json\/wp\/v2\/posts\/19589\/revisions"}],"wp:attachment":[{"href":"https:\/\/www.mendoza.gov.ar\/prensa\/wp-json\/wp\/v2\/media?parent=19589"}],"wp:term":[{"taxonomy":"category","embeddable":true,"href":"https:\/\/www.mendoza.gov.ar\/prensa\/wp-json\/wp\/v2\/categories?post=19589"},{"taxonomy":"post_tag","embeddable":true,"href":"https:\/\/www.mendoza.gov.ar\/prensa\/wp-json\/wp\/v2\/tags?post=19589"}],"curies":[{"name":"wp","href":"https:\/\/api.w.org\/{rel}","templated":true}]}}