{"id":19606,"date":"2014-09-16T15:33:00","date_gmt":"2014-09-16T15:33:00","guid":{"rendered":"http:\/\/prensa.wp2.mendoza.gov.ar\/comenzo-la-recepcion-de-propuestas-para-la-imagen-de-la-vendimia-2015\/"},"modified":"2014-09-16T15:33:00","modified_gmt":"2014-09-16T15:33:00","slug":"comenzo-la-recepcion-de-propuestas-para-la-imagen-de-la-vendimia-2015","status":"publish","type":"post","link":"https:\/\/www.mendoza.gov.ar\/prensa\/comenzo-la-recepcion-de-propuestas-para-la-imagen-de-la-vendimia-2015\/","title":{"rendered":"Comenz\u00f3 la recepci\u00f3n de propuestas para la imagen de la Vendimia 2015"},"content":{"rendered":"<!DOCTYPE html PUBLIC \"-\/\/W3C\/\/DTD HTML 4.0 Transitional\/\/EN\" \"http:\/\/www.w3.org\/TR\/REC-html40\/loose.dtd\">\n<html><body><p>Ayer&nbsp;comenz&oacute; la recepci&oacute;n de trabajos para el concurso de dise&ntilde;o de la imagen gr&aacute;fica que promocionar&aacute; la Fiesta Nacional de la Vendimia 2015, destinado a dise&ntilde;adores gr&aacute;ficos y creativos publicitarios. La recepci&oacute;n de trabajos est&aacute; abierta hasta el 30 de setiembre.&nbsp;El ganador se llevar&aacute; $50.000.<\/p>\n<p><span style=\"line-height: 1.6em\">El Ministerio de Cultura, a trav&eacute;s de la Comisi&oacute;n Vendimia, dio inicio ayer&nbsp;al cronograma de la convocatoria en la que los participantes podr&aacute;n subir las propuestas en la p&aacute;gina web del concurso, a diferencia de la &uacute;ltima edici&oacute;n.<\/span><\/p>\n<p>Quienes deseen participar podr&aacute;n descargar las bases y conocer qui&eacute;nes pertenecen al jurado en la p&aacute;gina <strong><a href=\"https:\/\/imagenvendimia.mendoza.gov.ar\/\">Imagen Vendimia<\/a><\/strong>. All&iacute; tambi&eacute;n podr&aacute;n despejar dudas comunes que surjan del concurso.<\/p>\n<p><img src=\"\/files\/media\/medium_medium_14_08_14imagen_vendimia.jpg\" class=\" img-responsive center-block\"><\/p>\n<p>La p&aacute;gina permite adem&aacute;s la posibilidad de descargar el manual de uso, los avisos de la Bendici&oacute;n de los frutos 2014 y la marca Mendoza Esp&iacute;ritu Grande.<\/p>\n<p>Las propuestas pueden ser enviadas hasta el 30 de septiembre y el jurado deliberar&aacute; entre el 7 y el 9 de octubre. Luego, el ganador y las menciones especiales ser&aacute;n anunciadas por el Gobernador el 10 de octubre.<\/p>\n<p>&nbsp;<\/p>\n<\/body><\/html>\n","protected":false},"excerpt":{"rendered":"La convocatoria est\u00e1 abierta hasta el 30 de setiembre y est\u00e1 destinada a dise\u00f1adores gr\u00e1ficos y creativos publicitarios. El ganador se llevar\u00e1 $50.000. El Gobernador anunciar\u00e1 el resultado el 10 de octubre.","protected":false},"author":3,"featured_media":0,"comment_status":"open","ping_status":"open","sticky":false,"template":"","format":"standard","meta":[],"categories":[19],"tags":[],"_links":{"self":[{"href":"https:\/\/www.mendoza.gov.ar\/prensa\/wp-json\/wp\/v2\/posts\/19606"}],"collection":[{"href":"https:\/\/www.mendoza.gov.ar\/prensa\/wp-json\/wp\/v2\/posts"}],"about":[{"href":"https:\/\/www.mendoza.gov.ar\/prensa\/wp-json\/wp\/v2\/types\/post"}],"author":[{"embeddable":true,"href":"https:\/\/www.mendoza.gov.ar\/prensa\/wp-json\/wp\/v2\/users\/3"}],"replies":[{"embeddable":true,"href":"https:\/\/www.mendoza.gov.ar\/prensa\/wp-json\/wp\/v2\/comments?post=19606"}],"version-history":[{"count":0,"href":"https:\/\/www.mendoza.gov.ar\/prensa\/wp-json\/wp\/v2\/posts\/19606\/revisions"}],"wp:attachment":[{"href":"https:\/\/www.mendoza.gov.ar\/prensa\/wp-json\/wp\/v2\/media?parent=19606"}],"wp:term":[{"taxonomy":"category","embeddable":true,"href":"https:\/\/www.mendoza.gov.ar\/prensa\/wp-json\/wp\/v2\/categories?post=19606"},{"taxonomy":"post_tag","embeddable":true,"href":"https:\/\/www.mendoza.gov.ar\/prensa\/wp-json\/wp\/v2\/tags?post=19606"}],"curies":[{"name":"wp","href":"https:\/\/api.w.org\/{rel}","templated":true}]}}