{"id":19615,"date":"2014-09-16T11:56:00","date_gmt":"2014-09-16T11:56:00","guid":{"rendered":"http:\/\/prensa.wp2.mendoza.gov.ar\/perez-y-casamiquela-evaluaron-el-desarrollo-de-la-mision-comercial-a-rusia\/"},"modified":"2014-09-16T11:56:00","modified_gmt":"2014-09-16T11:56:00","slug":"perez-y-casamiquela-evaluaron-el-desarrollo-de-la-mision-comercial-a-rusia","status":"publish","type":"post","link":"https:\/\/www.mendoza.gov.ar\/prensa\/perez-y-casamiquela-evaluaron-el-desarrollo-de-la-mision-comercial-a-rusia\/","title":{"rendered":"P\u00e9rez y Casamiquela evaluaron el desarrollo de la misi\u00f3n comercial a Rusia"},"content":{"rendered":"<!DOCTYPE html PUBLIC \"-\/\/W3C\/\/DTD HTML 4.0 Transitional\/\/EN\" \"http:\/\/www.w3.org\/TR\/REC-html40\/loose.dtd\">\n<html><body><p>El gobernador Francisco P&eacute;rez se reuni&oacute; esta ma&ntilde;ana con el ministro de Agricultura, Ganader&iacute;a y Pesca de la Naci&oacute;n, Carlos Casamiquela, en Buenos Aires. Durante el encuentro se evalu&oacute; la misi&oacute;n comercial a Rusia, que tiene como objetivo principal colocar productos de m&aacute;s de 60&nbsp;bodegas de las principales provincias vitivin&iacute;colas.<\/p>\n<p>&ldquo;Evaluamos c&oacute;mo est&aacute; la misi&oacute;n comercial en Rusia, vinculada con la feria de alimentos y tambi&eacute;n con que m&aacute;s de 60&nbsp;bodegas de las principales provincias vitivin&iacute;colas est&aacute;n dialogando con los importadores en Mosc&uacute; para poder colocar vino argentino en ese pa&iacute;s atento a la decisi&oacute;n pol&iacute;tica de Rusia de no comprar m&aacute;s vino en Europa&rdquo;, explic&oacute; el mandatario provincial. Y anticip&oacute; que &ldquo;se acord&oacute; una reuni&oacute;n con los gobernadores vitivin&iacute;colas y los ministros de producci&oacute;n de cada una de la provincias para la semana que viene&rdquo;.<\/p>\n<p>Seg&uacute;n detall&oacute; el Gobernador, en ese encuentro se evaluar&aacute; la situaci&oacute;n, &ldquo;que tiene distintas aristas, distintos puntos de conflicto, algunos como la situaci&oacute;n de mercado de ca&iacute;da de consumo interno y externo, otras por el excedente nuestro. Hay muchas cosas por trabajar porque todo termina cort&aacute;ndose por lo m&aacute;s fino que es el peque&ntilde;o productor&rdquo;. Y agreg&oacute; que &ldquo;hay que trabajar en distintas acciones muy coordinadas y muy puntuales, no solamente por lo cultural si no tambi&eacute;n avistando la pr&oacute;xima vendimia&rdquo;.<\/p>\n<p>Por &uacute;ltimo, P&eacute;rez explic&oacute; al salir de la reuni&oacute;n con Casamiquela que &ldquo;la vitivinicultura no es una sola, tiene sus caracter&iacute;sticas y sus particularidades. Es importante cada uno de los referentes provinciales y que saquemos algunas conclusiones, muchas de ellas ya las evaluamos hace 20 d&iacute;as en San Juan cuando nos reunimos con el resto de los gobernadores (de provincias vitivin&iacute;colas)&rdquo;.<\/p>\n<\/body><\/html>\n","protected":false},"excerpt":{"rendered":"El Gobernador visit\u00f3 al ministro de Agricultura, Ganader\u00eda y Pesca de la Naci\u00f3n en Buenos Aires. Analizaron el objetivo principal del viaje en el que participan funcionarios provinciales y nacionales, que es colocar vinos de 60 bodegas en Mosc\u00fa.\n","protected":false},"author":3,"featured_media":0,"comment_status":"open","ping_status":"open","sticky":false,"template":"","format":"standard","meta":[],"categories":[19],"tags":[],"_links":{"self":[{"href":"https:\/\/www.mendoza.gov.ar\/prensa\/wp-json\/wp\/v2\/posts\/19615"}],"collection":[{"href":"https:\/\/www.mendoza.gov.ar\/prensa\/wp-json\/wp\/v2\/posts"}],"about":[{"href":"https:\/\/www.mendoza.gov.ar\/prensa\/wp-json\/wp\/v2\/types\/post"}],"author":[{"embeddable":true,"href":"https:\/\/www.mendoza.gov.ar\/prensa\/wp-json\/wp\/v2\/users\/3"}],"replies":[{"embeddable":true,"href":"https:\/\/www.mendoza.gov.ar\/prensa\/wp-json\/wp\/v2\/comments?post=19615"}],"version-history":[{"count":0,"href":"https:\/\/www.mendoza.gov.ar\/prensa\/wp-json\/wp\/v2\/posts\/19615\/revisions"}],"wp:attachment":[{"href":"https:\/\/www.mendoza.gov.ar\/prensa\/wp-json\/wp\/v2\/media?parent=19615"}],"wp:term":[{"taxonomy":"category","embeddable":true,"href":"https:\/\/www.mendoza.gov.ar\/prensa\/wp-json\/wp\/v2\/categories?post=19615"},{"taxonomy":"post_tag","embeddable":true,"href":"https:\/\/www.mendoza.gov.ar\/prensa\/wp-json\/wp\/v2\/tags?post=19615"}],"curies":[{"name":"wp","href":"https:\/\/api.w.org\/{rel}","templated":true}]}}