{"id":19638,"date":"2014-09-15T10:44:00","date_gmt":"2014-09-15T10:44:00","guid":{"rendered":"http:\/\/prensa.wp2.mendoza.gov.ar\/mendoza-tendra-560-nuevas-camaras-para-su-seguridad\/"},"modified":"2014-09-15T10:44:00","modified_gmt":"2014-09-15T10:44:00","slug":"mendoza-tendra-560-nuevas-camaras-para-su-seguridad","status":"publish","type":"post","link":"https:\/\/www.mendoza.gov.ar\/prensa\/mendoza-tendra-560-nuevas-camaras-para-su-seguridad\/","title":{"rendered":"Mendoza tendr\u00e1 560 nuevas c\u00e1maras para su seguridad"},"content":{"rendered":"<!DOCTYPE html PUBLIC \"-\/\/W3C\/\/DTD HTML 4.0 Transitional\/\/EN\" \"http:\/\/www.w3.org\/TR\/REC-html40\/loose.dtd\">\n<html><body><p>El Gobierno llama a licitaci&oacute;n para mejorar y modernizar el sistema de seguridad ciudadana del Gran Mendoza. Se trata de la compra, instalaci&oacute;n y mantenimiento de 560 videoc&aacute;maras, con una inversi&oacute;n de U$S 7 millones, que se instalar&aacute;n de la siguiente manera:<\/p>\n<ul>\n<li><span style=\"line-height: 1.6em\">100 en Capital<\/span><\/li>\n<li>95 en Godoy Cruz<\/li>\n<li>95 en Las Heras<\/li>\n<li>95 en Godoy Cruz<\/li>\n<li>90 en Maip&uacute; y<\/li>\n<li>85 en Luj&aacute;n de Cuyo.<\/li>\n<\/ul>\n<p><span style=\"line-height: 1.6em\">Carlina Duplessis, coordinadora de la UFI (Unidad de Financiamiento Interior) y Marcos Quiroga, jefe de Financiamiento de la UFI explicaron que la licitaci&oacute;n se encuadra dentro de un proyecto de seguridad para el &aacute;rea metropolitana (Gran Mendoza) que consta de 2 etapas: la primera es el equipamiento y la segunda es la capacitaci&oacute;n, donde adem&aacute;s de capacitar a polic&iacute;as, preventores y ciudadanos, se va a crear un Consejo de Seguridad Ciudadano con personal de cada uno de los 6 municipios participantes para realizar pol&iacute;ticas p&uacute;blicas y dise&ntilde;ar estrategias en pos de la seguridad mendocina. Tambi&eacute;n est&aacute; previsto un observatorio para la seguridad ciudadana.<\/span><\/p>\n<p>&ldquo;Lo que vamos a hacer es llamar a licitaci&oacute;n para la adquisici&oacute;n de 560 video c&aacute;maras, el mantenimiento y los servicios conexos, esto es en el marco de un proyecto de seguridad ciudadana para el &aacute;rea metropolitana del Gran Mendoza, como parte del programa DAMI (Programa de Desarrollo de &Aacute;reas Metropolitanas del Interiores) que pertenece al Ministerio del Interior y es financiado por el BID (Banco Interamericano de Desarrollo)&rdquo; asegur&oacute; Duplessis y luego destac&oacute; que &ldquo;esto no es un cr&eacute;dito para Mendoza, es un ANR, un Aporte No Reembolsable, un subsidio&rdquo;.<\/p>\n<p><span style=\"line-height: 1.6em\">&ldquo;Nuestra provincia solo estar&iacute;a aportando el 25 % del monto total del proyecto, que es normalmente la contrapartida que pone la parte local en cada proyecto que es financiado por alguna entidad. Esto quiere decir que Mendoza en ning&uacute;n momento debe devolver algo de dinero&rdquo; asever&oacute; Quiroga.<\/span><\/p>\n<p>La apertura de sobres de esta primera licitaci&oacute;n ser&aacute; el 13 de noviembre, una vez terminado con los plazos administrativos la empresa que gane tendr&aacute; un plazo de 30 d&iacute;as para cumplir con lo pactado. &ldquo;El Gobernador &nbsp;puede esperar la Vendimia con las 560 c&aacute;maras instaladas&rdquo; aseguraron los funcionarios.<\/p>\n<p>Duplessis y Quiroga destacaron que este programa no se limita a la compra y la capacitaci&oacute;n sino que adem&aacute;s el Gobernador se encarg&oacute; de que el equipamiento tuviera un mantenimiento por tres a&ntilde;os, lo que significa dejar una pol&iacute;tica de Estado en materia de seguridad a trav&eacute;s de la tecnolog&iacute;a, m&aacute;s all&aacute; de su mandato.<\/p>\n<p><strong>El Proyecto<\/strong><\/p>\n<p>Sistema integrado de Gesti&oacute;n y Monitoreo de Seguridad Ciudadana para el &Aacute;rea Metropolitana del Gran Mendoza es el nombre del proyecto que se aprob&oacute; a trav&eacute;s del programa de Desarrollos de &Aacute;reas Metropolitanas del Interior (DAMI) que es financiado por el BID.<\/p>\n<p>El programa del BID est&aacute; dirigido solo a las capitales y departamentos circundantes &nbsp;de las provincias, en este caso el Gran Mendoza que incluye los departamentos de Godoy Cruz, Capital, Las Heras, Guaymall&eacute;n, Maip&uacute; y Luj&aacute;n de Cuyo.<\/p>\n<p>El monto total de este proyecto es de U$S 8.800.000. Las c&aacute;maras tendr&aacute;n una inversi&oacute;n de U$S 7 millones. El siguiente paso es la adquisici&oacute;n de un CEO m&oacute;vil. Seg&uacute;n adelant&oacute; Duplessis la licitaci&oacute;n para este equipo ser&iacute;a en aproximadamente dos semanas.<\/p>\n<p>La idea es llegar con el sistema Tetra a la Mendoza profunda donde a veces no hay ninguna se&ntilde;al, se trata de un cami&oacute;n que lleva la cobertura de emergencia a las zonas donde la se&ntilde;al del 911 no alcanza.<\/p>\n<p>Una tercera etapa de este proyecto es la a licitaci&oacute;n de mobiliario para todas las salas de visualizaci&oacute;n de la provincia que est&aacute;n bajo la tutela del Ministerio de Seguridad en conjunto con cada municipio.<\/p>\n<p>Otro de los pasos de este proyecto es la licitaci&oacute;n de una firma consultora (esto es cerca de fin de a&ntilde;o) para la capacitaci&oacute;n del personal policial, los preventores municipales y la comunidad para poder prevenir hechos delictivos<\/p>\n<p>El programa del BID, que es para todo el pa&iacute;s, otorga un monto total de U$S 40 millones, y nuestra provincia se lleva la quinta parte, un total de U$S 8.800.000.<\/p>\n<p><img src=\"\/files\/media\/medium_mza_camaras_los_andes_4x11.jpg\" class=\" img-responsive center-block\"><\/p>\n<\/body><\/html>\n","protected":false},"excerpt":{"rendered":"A trav\u00e9s de un llamado a licitaci\u00f3n para la compra e instalaci\u00f3n de este equipamiento. La inversi\u00f3n, que se realiza con aportes no reembolsables del BID, ser\u00e1 de U$S 7 millones.\n","protected":false},"author":3,"featured_media":0,"comment_status":"open","ping_status":"open","sticky":false,"template":"","format":"standard","meta":[],"categories":[19],"tags":[],"_links":{"self":[{"href":"https:\/\/www.mendoza.gov.ar\/prensa\/wp-json\/wp\/v2\/posts\/19638"}],"collection":[{"href":"https:\/\/www.mendoza.gov.ar\/prensa\/wp-json\/wp\/v2\/posts"}],"about":[{"href":"https:\/\/www.mendoza.gov.ar\/prensa\/wp-json\/wp\/v2\/types\/post"}],"author":[{"embeddable":true,"href":"https:\/\/www.mendoza.gov.ar\/prensa\/wp-json\/wp\/v2\/users\/3"}],"replies":[{"embeddable":true,"href":"https:\/\/www.mendoza.gov.ar\/prensa\/wp-json\/wp\/v2\/comments?post=19638"}],"version-history":[{"count":0,"href":"https:\/\/www.mendoza.gov.ar\/prensa\/wp-json\/wp\/v2\/posts\/19638\/revisions"}],"wp:attachment":[{"href":"https:\/\/www.mendoza.gov.ar\/prensa\/wp-json\/wp\/v2\/media?parent=19638"}],"wp:term":[{"taxonomy":"category","embeddable":true,"href":"https:\/\/www.mendoza.gov.ar\/prensa\/wp-json\/wp\/v2\/categories?post=19638"},{"taxonomy":"post_tag","embeddable":true,"href":"https:\/\/www.mendoza.gov.ar\/prensa\/wp-json\/wp\/v2\/tags?post=19638"}],"curies":[{"name":"wp","href":"https:\/\/api.w.org\/{rel}","templated":true}]}}