{"id":19664,"date":"2014-09-12T11:00:00","date_gmt":"2014-09-12T11:00:00","guid":{"rendered":"http:\/\/prensa.wp2.mendoza.gov.ar\/el-gobernador-fue-distinguido-con-las-palmas-sanmartinianas\/"},"modified":"2014-09-12T11:00:00","modified_gmt":"2014-09-12T11:00:00","slug":"el-gobernador-fue-distinguido-con-las-palmas-sanmartinianas","status":"publish","type":"post","link":"https:\/\/www.mendoza.gov.ar\/prensa\/el-gobernador-fue-distinguido-con-las-palmas-sanmartinianas\/","title":{"rendered":"El Gobernador fue distinguido con las &quot;Palmas Sanmartinianas&quot;"},"content":{"rendered":"<!DOCTYPE html PUBLIC \"-\/\/W3C\/\/DTD HTML 4.0 Transitional\/\/EN\" \"http:\/\/www.w3.org\/TR\/REC-html40\/loose.dtd\">\n<html><body><p>El gobernador Francisco P&eacute;rez recibi&oacute; esta ma&ntilde;ana las \"Palmas Sanmartinianas\", la m&aacute;xima distinci&oacute;n que otorga el Instituto Nacional Sanmartiniano, convirti&eacute;ndose en el primer gobernador de Argentina en recibir ese premio.<\/p>\n<p>El reconocimiento al mandatario provincial se dio en el marco del Congreso Internacional de Historia que se realiza en Mendoza, en homenaje al bicentenario de la Gobernaci&oacute;n-Intendencia del Libertador San Mart&iacute;n en Cuyo.<\/p>\n<p>El Gobernador fue reconocido por las acciones que ha realizado, como la decisi&oacute;n de construir el Memorial de San Mart&iacute;n, frente a la explanada de Casa de Gobierno.<\/p>\n<p>En su discurso, P&eacute;rez&nbsp;destac&oacute; los valores sanmartinianos, lo que fue San Mart&iacute;n para Mendoza y para la Patria.&nbsp;\"San Mart&iacute;n no s&oacute;lo fue estratega de los militares, sino tambi&eacute;n&nbsp;en pol&iacute;tica fiscal, pues fue el primero que llev&oacute; adelante un tipo de impuesto a las ganancias, orden&oacute; &nbsp;el tr&aacute;nsito, don&oacute; toda su biblioteca a la biblioteca que hoy lleva su nombre, gener&oacute; el primer canal de riego como estructura h&iacute;drica de administraci&oacute;n de agua, que es el canal que hoy lleva su nombre&rdquo;, dijo.<\/p>\n<p>Se&ntilde;al&oacute; adem&aacute;s que su obra tiene que estar vigente, sosteni&eacute;ndola en el tiempo, que tiene que ser una pol&iacute;tica de Estado en donde se pueden discutir muchas acciones para recuperar una sociedad con valores.<\/p>\n<p>Respecto al Congreso, indic&oacute; que \"permite que todos realicen sus aportes para que la memoria est&eacute; m&aacute;s viva que nunca, recuperando los valores de San Mart&iacute;n: el respeto, la solidaridad, la fe y la perseverancia\".<\/p>\n<p><strong>La palma sanmartiniana&nbsp;para un mendocino<\/strong><\/p>\n<p>La palma sanmartiniana est&aacute; inspirada en la &ldquo;Orden del Sol&rdquo; de Per&uacute;, instituida por San Mart&iacute;n en Lima el 16 de diciembre de 1821 como premio a los &ldquo;ciudadanos virtuosos&rdquo; y a los &ldquo;hombres benem&eacute;ritos&rdquo;.<\/p>\n<p>La distinci&oacute;n al Gobernador fue entregada por Eduardo Garc&iacute;a Caffi, presidente del Instituto Nacional Sanmartiniano, que depende del Ministerio de Cultura de la Naci&oacute;n. El mandatario fue reconocido por todas las acciones realizadas por su gesti&oacute;n en homenaje a San Mart&iacute;n.<\/p>\n<p>P&eacute;rez se mostr&oacute; conforme porque es la primera vez que se realiza un congreso internacional sanmartiniano en Mendoza, pues record&oacute; que el que se realiz&oacute; en 1950, con la presencia de Juan y Eva Per&oacute;n, fue nacional.<\/p>\n<p><span style=\"line-height: 1.6em\">El mandatario provincial asegur&oacute; que &ldquo;todos los actos organizados para conmemorar los 200 a&ntilde;os de San Mart&iacute;n Gobernador e Intendente de Cuyo, incluido &eacute;ste Congreso, son el resultado del trabajo coordinado con el gobierno nacional, municipios, ej&eacute;rcito, pueblos originarios y organizaciones diversas&rdquo;.<\/span><\/p>\n<p>En esa l&iacute;nea, P&eacute;rez resalt&oacute; que &ldquo;en Mendoza es en donde San Mart&iacute;n form&oacute; su hogar, donde fue regalado con el nacimiento de su &uacute;nica hija, Mercedes Tomasa, y es aqu&iacute;, en nuestra Mendoza, en donde forj&oacute; la independencia de tres naciones&rdquo;. Y agreg&oacute;: &ldquo;Pensando en este legado es que asumo el compromiso diario como gobernador, con responsabilidad, honestidad y respeto por el pasado y sin dejar de mirar hacia nuestro futuro&rdquo;.<\/p>\n<p>El Gobernador explic&oacute; adem&aacute;s que &ldquo;todos los departamentos tendr&aacute;n una variada oferta de expresiones art&iacute;sticas culturales participativas, libres y gratuitas, evocando la obra y la figura del Gran Capit&aacute;n&rdquo;.<\/p>\n<\/body><\/html>\n","protected":false},"excerpt":{"rendered":"Fue reconocido por las acciones de su gesti\u00f3n en homenaje a San Mart\u00edn, en el cierre del Congreso Internacional de Historia. Es el primer gobernador de Argentina en recibir la m\u00e1xima distinci\u00f3n del Instituto Nacional Sanmartiniano.","protected":false},"author":3,"featured_media":0,"comment_status":"open","ping_status":"open","sticky":false,"template":"","format":"standard","meta":[],"categories":[19],"tags":[],"_links":{"self":[{"href":"https:\/\/www.mendoza.gov.ar\/prensa\/wp-json\/wp\/v2\/posts\/19664"}],"collection":[{"href":"https:\/\/www.mendoza.gov.ar\/prensa\/wp-json\/wp\/v2\/posts"}],"about":[{"href":"https:\/\/www.mendoza.gov.ar\/prensa\/wp-json\/wp\/v2\/types\/post"}],"author":[{"embeddable":true,"href":"https:\/\/www.mendoza.gov.ar\/prensa\/wp-json\/wp\/v2\/users\/3"}],"replies":[{"embeddable":true,"href":"https:\/\/www.mendoza.gov.ar\/prensa\/wp-json\/wp\/v2\/comments?post=19664"}],"version-history":[{"count":0,"href":"https:\/\/www.mendoza.gov.ar\/prensa\/wp-json\/wp\/v2\/posts\/19664\/revisions"}],"wp:attachment":[{"href":"https:\/\/www.mendoza.gov.ar\/prensa\/wp-json\/wp\/v2\/media?parent=19664"}],"wp:term":[{"taxonomy":"category","embeddable":true,"href":"https:\/\/www.mendoza.gov.ar\/prensa\/wp-json\/wp\/v2\/categories?post=19664"},{"taxonomy":"post_tag","embeddable":true,"href":"https:\/\/www.mendoza.gov.ar\/prensa\/wp-json\/wp\/v2\/tags?post=19664"}],"curies":[{"name":"wp","href":"https:\/\/api.w.org\/{rel}","templated":true}]}}