{"id":19681,"date":"2014-09-11T10:12:00","date_gmt":"2014-09-11T10:12:00","guid":{"rendered":"http:\/\/prensa.wp2.mendoza.gov.ar\/recomendaciones-ante-el-aumento-de-las-alergias-estacionales\/"},"modified":"2014-09-11T10:12:00","modified_gmt":"2014-09-11T10:12:00","slug":"recomendaciones-ante-el-aumento-de-las-alergias-estacionales","status":"publish","type":"post","link":"https:\/\/www.mendoza.gov.ar\/prensa\/recomendaciones-ante-el-aumento-de-las-alergias-estacionales\/","title":{"rendered":"Recomendaciones ante el aumento de las alergias estacionales"},"content":{"rendered":"<!DOCTYPE html PUBLIC \"-\/\/W3C\/\/DTD HTML 4.0 Transitional\/\/EN\" \"http:\/\/www.w3.org\/TR\/REC-html40\/loose.dtd\">\n<html><body><p>El Ministerio de Salud informa que en esta &eacute;poca se produce un incremento entre el 20 y 25%&nbsp;de consultas por alergias, consecuencia de la polinizaci&oacute;n primaveral que afecta alrededor de un 20 por ciento de la poblaci&oacute;n.<\/p>\n<p>Durante la primavera empiezan a polinizar los &aacute;rboles y el aire se carga de part&iacute;culas de polen. Algunas personas est&aacute;n predispuestas gen&eacute;ticamente a sufrir estas alergias y son sensibles a la polinizaci&oacute;n, lo que genera un aumento de los casos de alergias estacionales.<\/p>\n<p>La alergia estacional se desata al inhalar polen, los s&iacute;ntomas son molestos, empeoran la calidad de vida y, si es persistente a trav&eacute;s de los a&ntilde;os, puede generar hiperactividad bronquial y finalmente broncoespasmo. Por eso, el Ministerio de Salud &nbsp;recomienda que ante los s&iacute;ntomas (picaz&oacute;n e irritaci&oacute;n de ojos, de nariz, de paladar y faringe; estornudos, fatiga, lagrimeo y conjuntivitis) se realice una consulta al especialista.<\/p>\n<p>La sensibilizaci&oacute;n pol&iacute;nica afecta sobre todo a adolescentes y&nbsp; ni&ntilde;os y se concentra en las primeras horas de la ma&ntilde;ana. La prevenci&oacute;n es posible si la persona sabe que est&aacute; predispuesta a sufrir esta alergia: por ejemplo si repite los s&iacute;ntomas todas las primaveras.<\/p>\n<p>El responsable del Programa Provincial de Asma, Luis Ag&uuml;ero, destac&oacute; al respecto: &ldquo;En esta &eacute;poca se produce un incremento de consultas entre el 20 y 25 por ciento, que es totalmente esperado para la &eacute;poca primaveral por la polinizaci&oacute;n. Ante la aparici&oacute;n de los s&iacute;ntomas &nbsp;lo m&aacute;s importante es la consulta temprana&nbsp; para evitar complicaciones&rdquo;.<\/p>\n<p>Ag&uuml;ero expres&oacute; que la rinitis al&eacute;rgica afecta a un 20%&nbsp;de la poblaci&oacute;n, un 10%&nbsp;del total de la poblaci&oacute;n tiene asma, en tanto un 15%&nbsp;de los ni&ntilde;os sufre esta patolog&iacute;a.<\/p>\n<p>El especialista expres&oacute; que &ldquo;algunas aspectos que deben prestar atenci&oacute;n las mam&aacute;s y realizar la consulta al especialista son: si el ni&ntilde;o tiene un resfr&iacute;o mayor a 7 d&iacute;as, sino respira adecuadamente en la noche, o tose continuamente, si estornuda habitualmente a la ma&ntilde;ana, si tiene mocos amarillos o verdes, o la &nbsp;nariz constantemente tapada o tose cuando hace ejercicios, todas estas son se&ntilde;ales a tener en cuenta&rdquo;.<\/p>\n<p>A su vez destaco la importancia&nbsp;de&nbsp;tener el calendario de vacunaci&oacute;n completo, una alimentaci&oacute;n adecuada, realizar los controles adecuados, &nbsp;todos estos factores contribuyen a un ni&ntilde;o sano.<\/p>\n<p>Ante el tratamiento de estas patolog&iacute;as, la Provincia cuenta con el Programa Provincial de Asma. El mismo tiene como objetivo lograr el control de esta enfermedad en los ni&ntilde;os y adolescentes de Mendoza mejorando as&iacute; su calidad de vida.<\/p>\n<p>Este Programa se desarrolla mediante &nbsp;un servicio descentralizado con profesionales disponibles rotando en los distintos hospitales y centros de salud de la Provincia. Los objetivos primordiales del programa son: diagnosticar la enfermedad antes de los 5 a&ntilde;os, brindar atenci&oacute;n de primer nivel y garantizar los tratamientos y remedios en forma gratuita para las personas sin cobertura o en situaci&oacute;n de precariedad.<\/p>\n<p>En Mendoza existen alrededor de 60.000 chicos menores de 14 a&ntilde;os con asma. &Eacute;sta es una enfermedad que puede aparecer a cualquier edad pero puede revertirse y controlarse con un tratamiento adecuado.<\/p>\n<p><strong>Alergia<\/strong><\/p>\n<p><strong>&iquest;Qu&eacute; es?<\/strong><\/p>\n<p>Una alergia es una reacci&oacute;n desproporcionada del sistema inmunitario a una sustancia que es inofensiva para la mayor&iacute;a de la gente. Pero en una persona al&eacute;rgica, el sistema inmunitario trata a la sustancia (denominada al&eacute;rgeno) como un invasor y reacciona de manera inapropiada, provocando s&iacute;ntomas que pueden ir de las molestias leves a problemas que pueden poner en peligro la vida de la persona.<\/p>\n<p>. Generalmente las personas al&eacute;rgicas, son sensibles a m&aacute;s de una cosa.<\/p>\n<p>Los agentes alerg&eacute;nicos (al&eacute;rgenos) m&aacute;s frecuentes son:<\/p>\n<p>&bull; &Aacute;caros del polvo<\/p>\n<p>&bull; Pelos de animales<\/p>\n<p>&bull; Polen<\/p>\n<p>&bull; Picaduras de insecto<\/p>\n<p>&bull; Esporas de moho<\/p>\n<p>&bull; Ciertos Medicamentos<\/p>\n<p>&bull; Algunos alimentos<\/p>\n<p>Las enfermedades al&eacute;rgicas m&aacute;s comunes son el asma, la rinitis, la urticaria, la conjuntivitis y los eczemas.<\/p>\n<p><strong>&iquest;Cu&aacute;les son los s&iacute;ntomas?<\/strong><\/p>\n<p>Los s&iacute;ntomas son muy variados en cuanto a su localizaci&oacute;n, variedad y gravedad. Una reacci&oacute;n al&eacute;rgica puede incluso llevar a la muerte (shock anafil&aacute;ctico) pero en general es leve.<\/p>\n<p>Los s&iacute;ntomas m&aacute;s frecuentes son:<\/p>\n<p>Estornudos<\/p>\n<p>Congesti&oacute;n nasal<\/p>\n<p>Picaz&oacute;n en garganta y nariz<\/p>\n<p>Tos seca<\/p>\n<p>Dificultad para respirar<\/p>\n<p>Lagrimeo y enrojecimiento de los ojos<\/p>\n<p>Ronchas o erupciones en la piel<\/p>\n<p>Hinchaz&oacute;n<\/p>\n<p><strong>&iquest;C&oacute;mo se trata?<\/strong><\/p>\n<p>No existe una cura real para las alergias, pero es posible aliviar sus s&iacute;ntomas. La &uacute;nica forma de controlar las alergias es reducir o eliminar la exposici&oacute;n a los al&eacute;rgenos.<\/p>\n<p>El tratamiento de las alergias es sintom&aacute;tico para ello se emplean distintos tipos de medicamentos, dependiendo del l tipo y gravedad de los s&iacute;ntomas e incluyen: antihistam&iacute;nicos, corticoides, broncodilatadores, etc.<\/p>\n<p><strong>&iquest;C&oacute;mo puede prevenirse?<\/strong><\/p>\n<p>Lo ideal es evitar el contacto con los al&eacute;rgenos. Para evitar el contacto de alergenos transportados por el aire, se pueden adoptar medidas como:<\/p>\n<p>Limpiar la casa frecuentemente.<\/p>\n<p>No permitir que los animales dom&eacute;sticos entren en los dormitorios de la persona que padece alergia.<\/p>\n<p>Retirar las alfombras en los dormitorios de la persona que padece alergia.<\/p>\n<p>No colgar cortinas gruesas y no tener objetos que tienden a acumular polvo.<\/p>\n<p>Evitar los lugares h&uacute;medos, como los s&oacute;tanos, y mantener limpios y secos el ba&ntilde;o y otros lugares donde se tiende a formar moho.<\/p>\n<p><strong>Pron&oacute;stico<\/strong><\/p>\n<p>La mayor&iacute;a de las alergias se pueden tratar sin dificultad con medicamentos.<\/p>\n<p>Algunos ni&ntilde;os pueden superar una alergia con el tiempo, especialmente las alergias a los alimentos. Sin embargo, una vez que una sustancia haya provocado una reacci&oacute;n al&eacute;rgica, sigue afectando a la persona.<\/p>\n<\/body><\/html>\n","protected":false},"excerpt":{"rendered":"Se aconseja consultar tempranamente al m\u00e9dico para evitar complicaciones ante la aparici\u00f3n de s\u00edntomas como: estornudos, congesti\u00f3n nasal, picaz\u00f3n en garganta y nariz, tos seca, dificultad para respirar, lagrimeo y enrojecimiento de los ojos.","protected":false},"author":3,"featured_media":0,"comment_status":"open","ping_status":"open","sticky":false,"template":"","format":"standard","meta":[],"categories":[32],"tags":[],"_links":{"self":[{"href":"https:\/\/www.mendoza.gov.ar\/prensa\/wp-json\/wp\/v2\/posts\/19681"}],"collection":[{"href":"https:\/\/www.mendoza.gov.ar\/prensa\/wp-json\/wp\/v2\/posts"}],"about":[{"href":"https:\/\/www.mendoza.gov.ar\/prensa\/wp-json\/wp\/v2\/types\/post"}],"author":[{"embeddable":true,"href":"https:\/\/www.mendoza.gov.ar\/prensa\/wp-json\/wp\/v2\/users\/3"}],"replies":[{"embeddable":true,"href":"https:\/\/www.mendoza.gov.ar\/prensa\/wp-json\/wp\/v2\/comments?post=19681"}],"version-history":[{"count":0,"href":"https:\/\/www.mendoza.gov.ar\/prensa\/wp-json\/wp\/v2\/posts\/19681\/revisions"}],"wp:attachment":[{"href":"https:\/\/www.mendoza.gov.ar\/prensa\/wp-json\/wp\/v2\/media?parent=19681"}],"wp:term":[{"taxonomy":"category","embeddable":true,"href":"https:\/\/www.mendoza.gov.ar\/prensa\/wp-json\/wp\/v2\/categories?post=19681"},{"taxonomy":"post_tag","embeddable":true,"href":"https:\/\/www.mendoza.gov.ar\/prensa\/wp-json\/wp\/v2\/tags?post=19681"}],"curies":[{"name":"wp","href":"https:\/\/api.w.org\/{rel}","templated":true}]}}