{"id":19687,"date":"2014-09-10T22:26:00","date_gmt":"2014-09-10T22:26:00","guid":{"rendered":"http:\/\/prensa.wp2.mendoza.gov.ar\/perez-participo-en-la-cena-anual-por-el-dia-de-la-industria-en-tecnopolis\/"},"modified":"2014-09-10T22:26:00","modified_gmt":"2014-09-10T22:26:00","slug":"perez-participo-en-la-cena-anual-por-el-dia-de-la-industria-en-tecnopolis","status":"publish","type":"post","link":"https:\/\/www.mendoza.gov.ar\/prensa\/perez-participo-en-la-cena-anual-por-el-dia-de-la-industria-en-tecnopolis\/","title":{"rendered":"P\u00e9rez particip\u00f3 en la cena anual por el D\u00eda de la Industria en Tecn\u00f3polis"},"content":{"rendered":"<!DOCTYPE html PUBLIC \"-\/\/W3C\/\/DTD HTML 4.0 Transitional\/\/EN\" \"http:\/\/www.w3.org\/TR\/REC-html40\/loose.dtd\">\n<html><body><p>El gobernador Francisco P&eacute;rez particip&oacute; en la cena anual por el D&iacute;a de la Industria que realiza el Gobierno nacional en el predio de Tecn&oacute;polis.<\/p>\n<p>El acto&nbsp;fue&nbsp;encabezado por la Presidenta Cristina Fern&aacute;ndez de Kirchner ante casi 3 mil empresarios industriales y sirvi&oacute; para &ldquo;repasar el crecimiento fabril de los &uacute;ltimos a&ntilde;os&rdquo;, seg&uacute;n la convocatoria.<\/p>\n<p>En la cena participaron tambi&eacute;n los ministros nacionales D&eacute;bora Giorgi (Industria), Enrique Meyer (Turismo,) y los ministros provinciales Marcelo Costa (Agroindustria y Tecnolog&iacute;a) y Javier Espina (Turismo), entre otras autoridades.<\/p>\n<p>El D&iacute;a de la Industria se celebr&oacute; el 2 de septiembre en conmemoraci&oacute;n de la primera exportaci&oacute;n que se realiz&oacute; a Brasil en 1587.<\/p>\n<\/body><\/html>\n","protected":false},"excerpt":{"rendered":"El gobernador Francisco P\u00e9rez form\u00f3 parte del acto encabezado por Cristina Fern\u00e1ndez de Kirchner en Buenos Aires. Hubo cerca de 3000 empresarios del sector.","protected":false},"author":3,"featured_media":0,"comment_status":"open","ping_status":"open","sticky":false,"template":"","format":"standard","meta":[],"categories":[19],"tags":[],"_links":{"self":[{"href":"https:\/\/www.mendoza.gov.ar\/prensa\/wp-json\/wp\/v2\/posts\/19687"}],"collection":[{"href":"https:\/\/www.mendoza.gov.ar\/prensa\/wp-json\/wp\/v2\/posts"}],"about":[{"href":"https:\/\/www.mendoza.gov.ar\/prensa\/wp-json\/wp\/v2\/types\/post"}],"author":[{"embeddable":true,"href":"https:\/\/www.mendoza.gov.ar\/prensa\/wp-json\/wp\/v2\/users\/3"}],"replies":[{"embeddable":true,"href":"https:\/\/www.mendoza.gov.ar\/prensa\/wp-json\/wp\/v2\/comments?post=19687"}],"version-history":[{"count":0,"href":"https:\/\/www.mendoza.gov.ar\/prensa\/wp-json\/wp\/v2\/posts\/19687\/revisions"}],"wp:attachment":[{"href":"https:\/\/www.mendoza.gov.ar\/prensa\/wp-json\/wp\/v2\/media?parent=19687"}],"wp:term":[{"taxonomy":"category","embeddable":true,"href":"https:\/\/www.mendoza.gov.ar\/prensa\/wp-json\/wp\/v2\/categories?post=19687"},{"taxonomy":"post_tag","embeddable":true,"href":"https:\/\/www.mendoza.gov.ar\/prensa\/wp-json\/wp\/v2\/tags?post=19687"}],"curies":[{"name":"wp","href":"https:\/\/api.w.org\/{rel}","templated":true}]}}