{"id":19725,"date":"2014-09-08T21:09:00","date_gmt":"2014-09-08T21:09:00","guid":{"rendered":"http:\/\/prensa.wp2.mendoza.gov.ar\/perez-encabezo-la-conmemoracion-del-bicentenario-de-la-asuncion-de-san-martin-como-gobernador-de-cuyo\/"},"modified":"2014-09-08T21:09:00","modified_gmt":"2014-09-08T21:09:00","slug":"perez-encabezo-la-conmemoracion-del-bicentenario-de-la-asuncion-de-san-martin-como-gobernador-de-cuyo","status":"publish","type":"post","link":"https:\/\/www.mendoza.gov.ar\/prensa\/perez-encabezo-la-conmemoracion-del-bicentenario-de-la-asuncion-de-san-martin-como-gobernador-de-cuyo\/","title":{"rendered":"P\u00e9rez encabez\u00f3 la conmemoraci\u00f3n del bicentenario de la asunci\u00f3n de San Mart\u00edn como Gobernador de Cuyo"},"content":{"rendered":"<!DOCTYPE html PUBLIC \"-\/\/W3C\/\/DTD HTML 4.0 Transitional\/\/EN\" \"http:\/\/www.w3.org\/TR\/REC-html40\/loose.dtd\">\n<html><body><p>El gobernador Francisco P&eacute;rez, junto a parte de su gabinete, particip&oacute; del acto central por la conmemoraci&oacute;n del Bicentenario de la Asunci&oacute;n del General Jos&eacute; de San Mart&iacute;n como Gobernador Intendente de las Provincias de Cuyo.<\/p>\n<p>En la conmemoraci&oacute;n que tuvo lugar en el &Aacute;rea Fundacional, en la Plaza Pedro del Castillo, el mandatario provincial estuvo acompa&ntilde;ado por el intendente de Capital, Rodolfo Su&aacute;rez.<\/p>\n<p>En su discurso, el mandatario provincial destac&oacute; las iniciativas y logros del Padre de la Patria por fuera del rol del militar; que concret&oacute; en nuestra provincia.<\/p>\n<p>P&eacute;rez record&oacute; que la obra de San Mart&iacute;n en salud, educaci&oacute;n, seguridad, vivienda y obras. &ldquo;Impuls&oacute; la creaci&oacute;n de establecimientos educativos p&uacute;blicos, gratuitos y laicos&nbsp;y foment&oacute; el otorgamiento de becas a ni&ntilde;os hu&eacute;rfanos. Don&oacute; m&aacute;s de 700 libros para la Biblioteca P&uacute;blica, creada el 9 de julio 1822, hoy nuestra Biblioteca P&uacute;blica General&nbsp;San Mart&iacute;n&rdquo;, expres&oacute;.<\/p>\n<p>Adem&aacute;s, el Gobernador detall&oacute; que el Libertador moviliz&oacute; la econom&iacute;a cuyana, estimul&oacute; la producci&oacute;n, foment&oacute; industrias y actividades mineras, cre&oacute; un sistema impositivo igualitario, cuidando que paguen m&aacute;s los que m&aacute;s tienen; se ocup&oacute; de reglamentar las relaciones entre el patr&oacute;n y el obrero, dispuso la liberaci&oacute;n de los esclavos, y estableci&oacute; como obligatoria la vacunaci&oacute;n, entre otros logros.<\/p>\n<p>Por otra parte, Francisco P&eacute;rez se solidariz&oacute; con el pueblo chileno, por el atentado perpetrado hoy en el subterr&aacute;neo de Santiago de Chile.<\/p>\n<p>Del acto tambi&eacute;n participaron los ministros de: Trabajo, Justicia y Gobierno, Rodolfo Lafalla; Transporte, Mart&iacute;nez Palau; Agroindustria, Marcelo Costa; Cultura, Marizul Ib&aacute;&ntilde;ez; Infraestructura, Rolando Baldasso; Turismo, Javier Espina; Deporte, Marcelo Locamuz; Hacienda, Juan Antonio Gant&uacute;s; Tierras, Ambiente y Recursos Naturales, Guillermo Elizalde; Energ&iacute;a, Marcos Zandomeni; y Desarrollo Social y Derechos Humanos, Cristi&aacute;n Bassin.<\/p>\n<\/body><\/html>\n","protected":false},"excerpt":{"rendered":"Junto al intendente de Capital, y gran parte de su Gabinete, el mandatario provincial particip\u00f3 del acto que se llev\u00f3 a cabo en el \u00c1rea Fundacional.","protected":false},"author":3,"featured_media":0,"comment_status":"open","ping_status":"open","sticky":false,"template":"","format":"standard","meta":[],"categories":[19],"tags":[],"_links":{"self":[{"href":"https:\/\/www.mendoza.gov.ar\/prensa\/wp-json\/wp\/v2\/posts\/19725"}],"collection":[{"href":"https:\/\/www.mendoza.gov.ar\/prensa\/wp-json\/wp\/v2\/posts"}],"about":[{"href":"https:\/\/www.mendoza.gov.ar\/prensa\/wp-json\/wp\/v2\/types\/post"}],"author":[{"embeddable":true,"href":"https:\/\/www.mendoza.gov.ar\/prensa\/wp-json\/wp\/v2\/users\/3"}],"replies":[{"embeddable":true,"href":"https:\/\/www.mendoza.gov.ar\/prensa\/wp-json\/wp\/v2\/comments?post=19725"}],"version-history":[{"count":0,"href":"https:\/\/www.mendoza.gov.ar\/prensa\/wp-json\/wp\/v2\/posts\/19725\/revisions"}],"wp:attachment":[{"href":"https:\/\/www.mendoza.gov.ar\/prensa\/wp-json\/wp\/v2\/media?parent=19725"}],"wp:term":[{"taxonomy":"category","embeddable":true,"href":"https:\/\/www.mendoza.gov.ar\/prensa\/wp-json\/wp\/v2\/categories?post=19725"},{"taxonomy":"post_tag","embeddable":true,"href":"https:\/\/www.mendoza.gov.ar\/prensa\/wp-json\/wp\/v2\/tags?post=19725"}],"curies":[{"name":"wp","href":"https:\/\/api.w.org\/{rel}","templated":true}]}}