{"id":19727,"date":"2014-09-08T18:17:00","date_gmt":"2014-09-08T18:17:00","guid":{"rendered":"http:\/\/prensa.wp2.mendoza.gov.ar\/mendoza-destina-el-30-de-los-recursos-del-presupuesto-al-sector-educativo\/"},"modified":"2014-09-08T18:17:00","modified_gmt":"2014-09-08T18:17:00","slug":"mendoza-destina-el-30-de-los-recursos-del-presupuesto-al-sector-educativo","status":"publish","type":"post","link":"https:\/\/www.mendoza.gov.ar\/prensa\/mendoza-destina-el-30-de-los-recursos-del-presupuesto-al-sector-educativo\/","title":{"rendered":"&quot;Mendoza destina el 30% de los recursos del presupuesto al  sector educativo&quot;"},"content":{"rendered":"<!DOCTYPE html PUBLIC \"-\/\/W3C\/\/DTD HTML 4.0 Transitional\/\/EN\" \"http:\/\/www.w3.org\/TR\/REC-html40\/loose.dtd\">\n<html><body><p>El gobernador Francisco P&eacute;rez, acompa&ntilde;ado por el ministro de Educaci&oacute;n de la Naci&oacute;n, Alberto Sileoni, cerr&oacute; esta tarde la 59&ordm; Asamblea del Consejo Federal de Educaci&oacute;n que sesiona en Mendoza con la participaci&oacute;n de todos los ministros de educaci&oacute;n del pa&iacute;s.<\/p>\n<p>Tras ver un video sobre los 200 a&ntilde;os de la gobernaci&oacute;n del General Jos&eacute; de San Mart&iacute;n, el mandatario provincial dio inicio al acto de cierre&nbsp;destacando el valor de la figura de San Mart&iacute;n para los mendocinos. &ldquo;No es un d&iacute;a m&aacute;s para nosotros porque un d&iacute;a como hoy al mediodia asum&iacute;a el primer gobernador-intendente. Y desde all&iacute; emprendi&oacute; la gesta sanmartiniana&rdquo;, record&oacute; P&eacute;rez.<\/p>\n<p>&ldquo;La Provincia destina el 30% de los recursos del presupuesto al &nbsp;sector educativo; y cuenta con mas de 100 escuelas ampliadas. Hemos incrementado las salas de 4 a&ntilde;os, pasando del 76% al 97% de cobertura. Lo que nos falta es que los padres los quieran mandar\", se&ntilde;al&oacute; P&eacute;rez en su discurso.<\/p>\n<p>Por otra parte, el mandatario remarc&oacute; que Mendoza tiene&nbsp;una escuela biling&uuml;e en el desierto lavallino \"en donde los chicos no estudian ingl&eacute;s sino huarpe&rdquo;.<\/p>\n<p>Adem&aacute;s, el Gobernador detall&oacute; que son m&aacute;s de 197.000 netbooks entregadas en Mendoza (escuelas secundarias, especiales e institutos de formaci&oacute;n docente), con un 99,5% de cobertura en nuestra provincia; y que funcionan 137 Centros de Actividades Juveniles (CAJ).<\/p>\n<p>&ldquo;Estos datos son los que sustentan nuestros ejes de gobierno, que es la inclusi&oacute;n, junto con la promoci&oacute;n y la producci&oacute;n. Tenemos que salir a militar los logros&rdquo;, agreg&oacute;.<\/p>\n<p>Para cerrar, el mandatario provincial pidi&oacute; que los participantes dieran sus pareceres; y tambi&eacute;n hizo un intercambio con los ministros de Educaci&oacute;n que visitan Mendoza.&nbsp;<\/p>\n<p>&nbsp;<\/p>\n<p>&nbsp;<\/p>\n<\/body><\/html>\n","protected":false},"excerpt":{"rendered":"As\u00ed lo destac\u00f3 el Gobernador, durante el cierre de la Asamblea del Consejo Federal de Educaci\u00f3n, que se realiz\u00f3 en Mendoza y que cont\u00f3 con la participaci\u00f3n del ministro de Educaci\u00f3n de la Naci\u00f3n, Alberto Sileoni.","protected":false},"author":3,"featured_media":0,"comment_status":"open","ping_status":"open","sticky":false,"template":"","format":"standard","meta":[],"categories":[19],"tags":[],"_links":{"self":[{"href":"https:\/\/www.mendoza.gov.ar\/prensa\/wp-json\/wp\/v2\/posts\/19727"}],"collection":[{"href":"https:\/\/www.mendoza.gov.ar\/prensa\/wp-json\/wp\/v2\/posts"}],"about":[{"href":"https:\/\/www.mendoza.gov.ar\/prensa\/wp-json\/wp\/v2\/types\/post"}],"author":[{"embeddable":true,"href":"https:\/\/www.mendoza.gov.ar\/prensa\/wp-json\/wp\/v2\/users\/3"}],"replies":[{"embeddable":true,"href":"https:\/\/www.mendoza.gov.ar\/prensa\/wp-json\/wp\/v2\/comments?post=19727"}],"version-history":[{"count":0,"href":"https:\/\/www.mendoza.gov.ar\/prensa\/wp-json\/wp\/v2\/posts\/19727\/revisions"}],"wp:attachment":[{"href":"https:\/\/www.mendoza.gov.ar\/prensa\/wp-json\/wp\/v2\/media?parent=19727"}],"wp:term":[{"taxonomy":"category","embeddable":true,"href":"https:\/\/www.mendoza.gov.ar\/prensa\/wp-json\/wp\/v2\/categories?post=19727"},{"taxonomy":"post_tag","embeddable":true,"href":"https:\/\/www.mendoza.gov.ar\/prensa\/wp-json\/wp\/v2\/tags?post=19727"}],"curies":[{"name":"wp","href":"https:\/\/api.w.org\/{rel}","templated":true}]}}