{"id":19736,"date":"2014-09-08T11:04:00","date_gmt":"2014-09-08T11:04:00","guid":{"rendered":"http:\/\/prensa.wp2.mendoza.gov.ar\/perez-y-galuccio-reactivaron-el-pozo-exploratorio-el-botellon-x2-en-rivadavia\/"},"modified":"2014-09-08T11:04:00","modified_gmt":"2014-09-08T11:04:00","slug":"perez-y-galuccio-reactivaron-el-pozo-exploratorio-el-botellon-x2-en-rivadavia","status":"publish","type":"post","link":"https:\/\/www.mendoza.gov.ar\/prensa\/perez-y-galuccio-reactivaron-el-pozo-exploratorio-el-botellon-x2-en-rivadavia\/","title":{"rendered":"P\u00e9rez y Galuccio reactivaron el pozo exploratorio El Botell\u00f3n X2 en Rivadavia"},"content":{"rendered":"<!DOCTYPE html PUBLIC \"-\/\/W3C\/\/DTD HTML 4.0 Transitional\/\/EN\" \"http:\/\/www.w3.org\/TR\/REC-html40\/loose.dtd\">\n<html><body><p>El gobernador Francisco P&eacute;rez y el CEO de YPF Miguel Galuccio visitaron&nbsp;La Ventana, en el departamento de Rivadavia. Las m&aacute;ximas autoridades de la Provincia y de la empresa estatal respectivamente suscribieron un convenio para reactivar el pozo El Botell&oacute;n X2 en ese distrito del Este que estuvo inactivo durante 10 a&ntilde;os.<\/p>\n<p>Los acompa&ntilde;aron autoridades del Ejecutivo provincial y de la empresa.<\/p>\n<p><img src=\"\/files\/media\/medium_08_09_14_Perez_y_Galuccio02_1.jpg\" style=\"line-height: 1.6em\" class=\" img-responsive center-block\"><\/p>\n<p>\"Esto es muy importante para YPF e YPF es muy importante para Mendoza. En corto plazo tendremos cerca de 20.000 personas trabajando en la actividad petrolera de manera directa o indirecta\", dijo el Gobernador. Y agreg&oacute;: \"Este pozo se instal&oacute; hace 19 d&iacute;as y funciona las 24 horas\".<\/p>\n<p>El proyecto significa una alianza estrat&eacute;gica en la relaci&oacute;n con China, con Sinopec, que es la petrolera mas importante&nbsp;de China. Hace 10 a&ntilde;os que no se invert&iacute;a en este yacimiento, inform&oacute; el mandatario.<\/p>\n<p><span style=\"line-height: 1.6em\">El acuerdo suscripto entre la Provincia e YPF es la ratificaci&oacute;n de la extensi&oacute;n de un convenio con Sinopec para relanzar la actividad de exploraci&oacute;n y desarrollo en el &aacute;rea petrolera de La Ventana. Esto incluye que ambas firmas operar&aacute;n el &aacute;rea en forma conjunta hasta el 2027.<\/span><\/p>\n<p>Ambas firmas buscan dar impulso a nuevos proyectos que incluyen la realizaci&oacute;n de s&iacute;smica 3D, la perforaci&oacute;n de pozos exploratorios y de desarrollo, y la construcci&oacute;n y reacondicionamiento de plantas de tratamiento e inyecci&oacute;n por m&aacute;s de 300 millones de d&oacute;lares.<\/p>\n<p>&nbsp;<\/p>\n<p>En cuanto a la pol&iacute;tica hidrocarbur&iacute;fera, P&eacute;rez explic&oacute;: \"Buscar petroleo es importante pero buscar consensos tambi&eacute;n. Eso es la pol&iacute;tica. Y eso es lo que hemos logrado aqu&iacute;. Esto es parte de la posici&oacute;n estrat&eacute;gica que esta tomando YPF. Historicamente Mendoza se caracteriz&oacute;&nbsp;por la actividad petrolera.&nbsp;Esto significa mucho en regal&iacute;as y en lo que hacemos con esas regal&iacute;as\".<\/p>\n<p>Y destac&oacute;: \"Es importante el aporte en Ingresos Brutos pero hay otras cosas mas importantes, como que&nbsp;YPF esta viendo el potencial tan grande que tiene la provincia. Y a esto se suman tambi&eacute;n las metalmec&aacute;nicas que han podido reconvertirse y trabajar para el sector\".<\/p>\n<p>Mientras que Galuccio destac&oacute; la importancia de Mendoza en la producci&oacute;n de hidrocarburos.<\/p>\n<p>\"Antes ten&iacute;amos tres equipos. Despu&eacute;s pasamos a 10 y antes de fin de a&ntilde;o tendremos 11 equipos trabajando en Mendoza. Nunca hab&iacute;a tenido esa cantidad. Ser&aacute; el valor m&aacute;s alto en la historia de YPF\", dijo el Presidente y CEO de YPF.<\/p>\n<p><img src=\"\/files\/media\/medium_DSC_5234.jpg\" class=\" img-responsive center-block\"><\/p>\n<p>Galuccio record&oacute; la reestatizaci&oacute;n de YPF y asegur&oacute;:&nbsp;\"Hace dos a&ntilde;os, los argentinos recuperamos la independencia energ&eacute;tica y la capacidad de autoabastecernos. Pero el autoabastecimiento es una causa de todos, en donde juegan todos. Esos jugadores son el Gobierno provincial, el Gobierno nacional y la empresa\".<\/p>\n<p>Luego agreg&oacute;: \"Estamos en el mismo barco y con el mismo objetivo: hacer un pa&iacute;s mejor y lograr m&aacute;s cosas\".<\/p>\n<p>En el acto estuvieron presentes los ministros Rodolfo Lafalla (Trabajo, Justicia y Gobierno), Rolando Baldasso (Infraestructura), Marcos Zandomeni (Energ&iacute;a), Guillermo Elizalde (Tierras, Ambiente y Recursos Naturales), Juan Gantus (Hacienda) y Leonardo Comperatore (Seguridad).<\/p>\n<p>Tambi&eacute;n asistieron el presidente provisional del Senado, Eduardo Bauz&aacute;; el presidente de la C&aacute;mara de Diputados, Jorge Tan&uacute;s; la secretaria coordinadora de Gobernaci&oacute;n, Lia &Aacute;lvarez; y los diputados nacionales Anabel Fern&aacute;ndez Sagasti, Alejandro Abraham y Dante Gonz&aacute;lez.<\/p>\n<p><strong>YPF en Mendoza, en n&uacute;meros<\/strong><\/p>\n<p>&nbsp;-En 2011 hab&iacute;a 3 equipos de perforaci&oacute;n, en 2014 hay diez equipos y&nbsp;en 2015 habr&aacute; 11, un n&uacute;mero que nunca hubo en la historia.<\/p>\n<p>-En 2011 se perforaron 54 pozos. En el plan de este a&ntilde;o se terminar&aacute;&nbsp;con 113 pozos y para 2015 ser&aacute;n 166.<\/p>\n<p>-En exploraci&oacute;n, en 2011 se perforaron 6 pozos exploratorios, y en&nbsp;2014 se finalizar&aacute; con 53 pozos, siendo, proporcionalmente, la mayor&nbsp;exploraci&oacute;n que se har&aacute; en el pa&iacute;s.<\/p>\n<p>-Los mejores &iacute;ndices de recuperaci&oacute;n de reservas se produjeron en 2013 en Mendoza.<\/p>\n<p>-La producci&oacute;n de gas, que declinaba a un promedio de 12%&nbsp;por a&ntilde;o, hoy crece al 15% anual, produciendo 4,9 millones de&nbsp;metros c&uacute;bicos por d&iacute;a, siendo la producci&oacute;n m&aacute;s alta en la historia de la&nbsp;provincia.<\/p>\n<p>-En inversiones totales, se pas&oacute; de 162 millones de d&oacute;lares en&nbsp;2011 a 486 millones de d&oacute;lares en 2014.<\/p>\n<p>-En 2011 hab&iacute;a 375 personas asociadas a personal de perforaci&oacute;n y hoy&nbsp;hay 1300 personas.<\/p>\n<\/body><\/html>\n","protected":false},"excerpt":{"rendered":"El Gobernador y el CEO de YPF visitaron la zona de La Ventana. Se invertir\u00e1n cerca de 300 millones de d\u00f3lares en 10 a\u00f1os.  Ambos firmaron un acuerdo para volver a explorar en el lugar. ","protected":false},"author":3,"featured_media":0,"comment_status":"open","ping_status":"open","sticky":false,"template":"","format":"standard","meta":[],"categories":[19],"tags":[],"_links":{"self":[{"href":"https:\/\/www.mendoza.gov.ar\/prensa\/wp-json\/wp\/v2\/posts\/19736"}],"collection":[{"href":"https:\/\/www.mendoza.gov.ar\/prensa\/wp-json\/wp\/v2\/posts"}],"about":[{"href":"https:\/\/www.mendoza.gov.ar\/prensa\/wp-json\/wp\/v2\/types\/post"}],"author":[{"embeddable":true,"href":"https:\/\/www.mendoza.gov.ar\/prensa\/wp-json\/wp\/v2\/users\/3"}],"replies":[{"embeddable":true,"href":"https:\/\/www.mendoza.gov.ar\/prensa\/wp-json\/wp\/v2\/comments?post=19736"}],"version-history":[{"count":0,"href":"https:\/\/www.mendoza.gov.ar\/prensa\/wp-json\/wp\/v2\/posts\/19736\/revisions"}],"wp:attachment":[{"href":"https:\/\/www.mendoza.gov.ar\/prensa\/wp-json\/wp\/v2\/media?parent=19736"}],"wp:term":[{"taxonomy":"category","embeddable":true,"href":"https:\/\/www.mendoza.gov.ar\/prensa\/wp-json\/wp\/v2\/categories?post=19736"},{"taxonomy":"post_tag","embeddable":true,"href":"https:\/\/www.mendoza.gov.ar\/prensa\/wp-json\/wp\/v2\/tags?post=19736"}],"curies":[{"name":"wp","href":"https:\/\/api.w.org\/{rel}","templated":true}]}}