{"id":19755,"date":"2014-09-05T15:36:00","date_gmt":"2014-09-05T15:36:00","guid":{"rendered":"http:\/\/prensa.wp2.mendoza.gov.ar\/el-gobernador-anuncio-en-palmira-el-inicio-de-la-tecnicatura-ferroviaria\/"},"modified":"2014-09-05T15:36:00","modified_gmt":"2014-09-05T15:36:00","slug":"el-gobernador-anuncio-en-palmira-el-inicio-de-la-tecnicatura-ferroviaria","status":"publish","type":"post","link":"https:\/\/www.mendoza.gov.ar\/prensa\/el-gobernador-anuncio-en-palmira-el-inicio-de-la-tecnicatura-ferroviaria\/","title":{"rendered":"El Gobernador anunci\u00f3 en Palmira el inicio de la tecnicatura ferroviaria"},"content":{"rendered":"<!DOCTYPE html PUBLIC \"-\/\/W3C\/\/DTD HTML 4.0 Transitional\/\/EN\" \"http:\/\/www.w3.org\/TR\/REC-html40\/loose.dtd\">\n<html><body><p>El gobernador Francisco P&eacute;rez, junto con el ministro de Defensa de la Naci&oacute;n, Agust&iacute;n Rossi, y el intendente de San Mart&iacute;n, Jorge Gim&eacute;nez, participaron en el Primer Encuentro Federal de Desarrollo Ferroviario, que se realiz&oacute; hoy en el PASIP (Parque de Servicios e Industrias Palmira). La actividad convoc&oacute; a proveedores para el desarrollo de insumos y repuestos para el funcionamiento de la red ferroviaria y el Metrotranv&iacute;a.<\/p>\n<p>El mandatario provincial anticip&oacute; all&iacute; que en la segunda quincena de setiembre comenzar&aacute; el curso preparatorio de la Tecnicatura Superior en Ferrocarriles que funcionar&aacute; en el PASIP. &ldquo;La&nbsp; carrera no cuenta con demasiados antecedentes, salvo en la Universidad de San Mart&iacute;n, en Buenos Aires. Partimos de cero y queremos darle un marco espec&iacute;fico. Para definir los&nbsp; perfiles profesionales se trabaj&oacute; en conjunto con Alberto Bocanegra, del&nbsp; Sindicato de Ferroviarios, Mario Lingua del PASIP y la Direcci&oacute;n General de Escuelas&rdquo;, detall&oacute; P&eacute;rez.<\/p>\n<p>La tecnicatura tendr&aacute; dos orientaciones, con una duraci&oacute;n de 3 a&ntilde;os cada una. Habr&aacute; una m&aacute;s ligada a las m&aacute;quinas y los vagones y otra a infraestructura. Quienes&nbsp; cursen podr&aacute;n recibirse de T&eacute;cnico en Transporte Ferrotranviario con Orientaci&oacute;n en Veh&iacute;culos Tractivos y Remolcados y T&eacute;cnico en V&iacute;as, Obras y Se&ntilde;alamiento.<\/p>\n<p>El Gobernador destac&oacute; la importancia que tendr&aacute; el PASIP en la regi&oacute;n y asegur&oacute; que &ldquo;se convertir&aacute; en el complejo regional de log&iacute;stica y transporte m&aacute;s importante del oeste de Argentina. Operar&aacute; como nudo del corredor bioce&aacute;nico central, integrado a la estaci&oacute;n multimodal de Palmira con el Ferrocarril General San Mart&iacute;n&rdquo;.<\/p>\n<p>En esa l&iacute;nea, el ministro de Infraestructura, Rolando Baldasso, explic&oacute; que &ldquo;la primera etapa de las tareas ya est&aacute; pr&aacute;cticamente lista: consiste en la puesta en marcha del &aacute;rea log&iacute;stica y la gesti&oacute;n de su vinculaci&oacute;n con la multimodal, as&iacute; como tambi&eacute;n la generaci&oacute;n de la Unidad de Gesti&oacute;n y del Centro Tecnol&oacute;gico. Las obras tienen una inversi&oacute;n superior a los $50 millones&rdquo;.<\/p>\n<p>Baldasso dijo adem&aacute;s que &ldquo;en este momento se est&aacute; construyendo el polo administrativo, que cuenta con 7 edificios en total y dos m&oacute;dulos para aulas para el cursado de la Tecnicatura Ferroviaria. La misma ser&aacute; dictada por el ITU y ya est&aacute;n abiertas las inscripciones para el ciclo lectivo 2015&rdquo;.<\/p>\n<p><strong>La recuperaci&oacute;n del ferrocarril<\/strong><\/p>\n<p>P&eacute;rez rescat&oacute; las pol&iacute;ticas desarrolladas por el Gobierno nacional y por su gesti&oacute;n para lograr la recuperaci&oacute;n del ferrocarril. En el caso del Metrotranv&iacute;a, indic&oacute; que &ldquo;a mediano plazo, Mendoza contar&aacute; con una red de transporte p&uacute;blico basado en el sistema ferroviario a trav&eacute;s del Metrotranv&iacute;a&rdquo;. Y agreg&oacute; que una de las cosas m&aacute;s importantes de este desarrollo es que &ldquo;por primera vez el tranv&iacute;a interact&uacute;a con la Ciudad, se dejaron de lado las barreras y se incorporaron paradas cada 500 metros. El objetivo es lograr una red amigable y sustentable para el peat&oacute;n&rdquo;.<\/p>\n<p><img src=\"\/files\/media\/medium_05_09_14gobernador_rossi.jpg\" class=\" img-responsive center-block\"><\/p>\n<p>El Gobernador explic&oacute; que est&aacute;n en evaluaci&oacute;n los proyectos de los tramos General Alvear- Bowen, Guti&eacute;rrez- San Mart&iacute;n y Luj&aacute;n- Malarg&uuml;e.<\/p>\n<p>Luego detall&oacute; que &ldquo;en lo que respecta a la red de larga distancia, se est&aacute; desarrollando la l&iacute;nea Buenos Aires- Mendoza-San Juan, con parada en el aeropuerto&rdquo;. Y resalt&oacute; que esto &ldquo;generar&aacute; nuevos empleos. En primer lugar de capacitaci&oacute;n y despu&eacute;s para la aplicaci&oacute;n de la red empleos de obras, mantenimiento y posteriormente operaci&oacute;n.<\/p>\n<p>Adem&aacute;s de Rossi, Gim&eacute;nez y Baldasso, el Gobernador estuvo acompa&ntilde;ado por los ministros Marcelo Costa (Agroindustria), Diego Mart&iacute;nez Palau (Transporte), Rodolfo Lafalla (Trabajo, Justicia y Gobierno). Adem&aacute;s estuvieron el titular del INV, Guillermo Garc&iacute;a; el presidente de la C&aacute;mara de Diputados, Jorge Tan&uacute;s;&nbsp;y los diputados nacionales Guillermo Carmona y Anabel Fern&aacute;ndez Sagasti.<\/p>\n<p>&nbsp;<\/p>\n<p><strong>Nota relacionada<\/strong><\/p>\n<p><a href=\"https:\/\/www.mendoza.gov.ar\/prensa\/noticia\/16851\/perez-dio-detalles-de-la-segunda-etapa-del-pasip-en-san-martin-1409953760\">P&eacute;rez dio detalles de la segunda etapa del PASIP en San Mart&iacute;n<\/a><\/p>\n<\/body><\/html>\n","protected":false},"excerpt":{"rendered":"En el marco del Primer Encuentro Federal de Desarrollo Ferroviario, Francisco P\u00e9rez dijo que la formaci\u00f3n comenzar\u00e1 en la segunda quincena de setiembre. En la actividad particip\u00f3 tambi\u00e9n el ministro de Defensa, Agust\u00edn Rossi.","protected":false},"author":3,"featured_media":0,"comment_status":"open","ping_status":"open","sticky":false,"template":"","format":"standard","meta":[],"categories":[19],"tags":[],"_links":{"self":[{"href":"https:\/\/www.mendoza.gov.ar\/prensa\/wp-json\/wp\/v2\/posts\/19755"}],"collection":[{"href":"https:\/\/www.mendoza.gov.ar\/prensa\/wp-json\/wp\/v2\/posts"}],"about":[{"href":"https:\/\/www.mendoza.gov.ar\/prensa\/wp-json\/wp\/v2\/types\/post"}],"author":[{"embeddable":true,"href":"https:\/\/www.mendoza.gov.ar\/prensa\/wp-json\/wp\/v2\/users\/3"}],"replies":[{"embeddable":true,"href":"https:\/\/www.mendoza.gov.ar\/prensa\/wp-json\/wp\/v2\/comments?post=19755"}],"version-history":[{"count":0,"href":"https:\/\/www.mendoza.gov.ar\/prensa\/wp-json\/wp\/v2\/posts\/19755\/revisions"}],"wp:attachment":[{"href":"https:\/\/www.mendoza.gov.ar\/prensa\/wp-json\/wp\/v2\/media?parent=19755"}],"wp:term":[{"taxonomy":"category","embeddable":true,"href":"https:\/\/www.mendoza.gov.ar\/prensa\/wp-json\/wp\/v2\/categories?post=19755"},{"taxonomy":"post_tag","embeddable":true,"href":"https:\/\/www.mendoza.gov.ar\/prensa\/wp-json\/wp\/v2\/tags?post=19755"}],"curies":[{"name":"wp","href":"https:\/\/api.w.org\/{rel}","templated":true}]}}