{"id":19761,"date":"2014-09-05T12:41:00","date_gmt":"2014-09-05T12:41:00","guid":{"rendered":"http:\/\/prensa.wp2.mendoza.gov.ar\/perez-y-rossi-inauguraron-un-jardin-maternal-en-la-iv-brigada-aerea-y-entregaron-netbooks-en-el-liceo-militar\/"},"modified":"2014-09-05T12:41:00","modified_gmt":"2014-09-05T12:41:00","slug":"perez-y-rossi-inauguraron-un-jardin-maternal-en-la-iv-brigada-aerea-y-entregaron-netbooks-en-el-liceo-militar","status":"publish","type":"post","link":"https:\/\/www.mendoza.gov.ar\/prensa\/perez-y-rossi-inauguraron-un-jardin-maternal-en-la-iv-brigada-aerea-y-entregaron-netbooks-en-el-liceo-militar\/","title":{"rendered":"P\u00e9rez y Rossi inauguraron un Jard\u00edn Maternal en la IV Brigada A\u00e9rea y entregaron netbooks en el Liceo Militar"},"content":{"rendered":"<!DOCTYPE html PUBLIC \"-\/\/W3C\/\/DTD HTML 4.0 Transitional\/\/EN\" \"http:\/\/www.w3.org\/TR\/REC-html40\/loose.dtd\">\n<html><body><p><span style=\"font-size: 13px;line-height: 1.6em\">El gobernador Francisco P&eacute;rez y el ministro de Defensa de la Naci&oacute;n, Agust&iacute;n Rossi, inauguraron&nbsp;oficialmente el Jard&iacute;n Maternal Municipal 345 &ldquo;Alitas de C&oacute;ndor&rdquo; que funciona en la IV Brigada A&eacute;rea. Luego entregaron netbooks del Programa Conectar Igualdad en el Liceo Militar General Espejo.<\/span><\/p>\n<p>Rossi y P&eacute;rez visitaron las instalaciones del jard&iacute;n que alberga a ni&ntilde;os de 45 d&iacute;as hasta los 3 a&ntilde;os de edad y cuya matr&iacute;cula est&aacute; conformada en un&nbsp;65% por hijos del personal de las Fuerzas Armadas y el resto son ni&ntilde;os de familias de la comunidad lasherina.<\/p>\n<p>El jard&iacute;n brinda oportunidades educativas Integrales y atiende necesidades de la vida social, cultural y econ&oacute;mica de sus alumnos.<\/p>\n<p>All&iacute; el Gobernador explic&oacute;: &ldquo;Inauguramos este Jard&iacute;n para brindar a las mujeres y &nbsp;hombres de la Fuerza A&eacute;rea, la seguridad de un &aacute;mbito educativo, recreativo, cultural para el cuidado de sus hijos, mientras ambos padres pueden cumplir con las tareas laborales fuera de su hogar que exige la sociedad actual&rdquo;.<\/p>\n<p>Y agreg&oacute; que &ldquo;la obligatoriedad de sala&nbsp;de 4 es, en Mendoza, una realidad. Ya estamos en el 97 % de cobertura y es probable que en 2015 lleguemos al 100%&rdquo;<\/p>\n<p>El jard&iacute;n tiene una matr&iacute;cula de 41 ni&ntilde;os y funciona a trav&eacute;s de un convenio de complementaci&oacute;n tripartito entre el Ministerio de Defensa de la Naci&oacute;n, la Direcci&oacute;n General de Escuelas y la Municipalidad de Las Heras.<\/p>\n<p><strong>Entrega de Netbooks &nbsp;para el Liceo Militar<\/strong><\/p>\n<p><img src=\"\/files\/media\/medium_05_09_14_entrega_de_netbooks.jpg\" class=\" img-responsive center-block\"><\/p>\n<p>Luego de la inauguraci&oacute;n, los funcionarios se trasladaron al Liceo Militar General Espejo para entregar<span style=\"line-height: 1.6em\">&nbsp;494 netbooks a estudiantes y cadetes de 1&deg; a 5&deg; a&ntilde;o de ese establecimiento.<\/span><\/p>\n<p>Estos equipos facilitar&aacute;n la interacci&oacute;n y la colaboraci&oacute;n de los alumnos y profesores y permitir&aacute;n la participaci&oacute;n activa y conjunta el proceso de ense&ntilde;anza &ndash; aprendizaje. Los chicos se apropian del equipo ya que pueden acceder a esta herramienta en el momento en que lo deseen, incluso fuera del &aacute;mbito escolar.<\/p>\n<p>P&eacute;rez explic&oacute; que &ldquo;con estas 494 netbooks, en Mendoza hemos entregado 197.500 netbooks en 250 escuelas. A la fecha est&aacute;n cubiertas con netbook el 99,5% de instituciones de la provincia (escuelas secundarias, educaci&oacute;n especial e institutos de formaci&oacute;n docente) y se est&aacute;n sumando las escuelas primarias&rdquo;. Y agreg&oacute;: \"Cuiden la netbook y compartan los conocimientos con sus padres\".<\/p>\n<p><span style=\"line-height: 1.6em\">Por su parte, el director de Prestaciones Descentralizadas de Anses, H&eacute;ctor Rasso expres&oacute;: \"<\/span><span style=\"line-height: 1.6em\">Siempre es un motivo de alegr&iacute;a participar en la entrega de una netbook para chicos o docentes. Hace cuatro a&ntilde;os que la Presidenta lanz&oacute; el programa y ya hemos entregado 4 millones de computadoras a docentes y alumnos\"<\/span><span style=\"line-height: 1.6em\">.<\/span><\/p>\n<p><span style=\"font-size: 12.727272033691406px\">\"Por una gesti&oacute;n del ministro Rossi, los alumnos de los liceos tambi&eacute;n tengan acceso a la herramienta para bajar la brecha tecnol&oacute;gica.&nbsp;<\/span><span style=\"font-size: 12.727272033691406px\">No es un regalo, es una decisi&oacute;n de un gobierno de brindar un derecho\", finaliz&oacute; el funcionario de Anses.<\/span><\/p>\n<p><span style=\"font-size: 12.727272033691406px\">A su turno, el ministro&nbsp;<\/span><span style=\"font-size: 12.727272033691406px\">de Defensa de la Naci&oacute;n, Agust&iacute;n Rossi, se dirigi&oacute; a los presentes manifestando: \"<\/span><span style=\"font-size: 12.727272033691406px\">&nbsp;Achicar la brecha tecnol&oacute;gica es justamente brindar equidad de oportunidades\".<\/span><\/p>\n<p>Acompa&ntilde;aron al Gobernador la titular de la Direcci&oacute;n General de Escuelas, Mar&iacute;a In&eacute;s Abrille de Vollmer; el director de Prestaciones Descentralizadas de Anses, H&eacute;ctor Rasso; la jefa Regional de Anses, Carolina G&oacute;mez; los ministros Rodolfo Lafalla (Trabajo, Justicia y Gobierno),&nbsp;Leonardo Comperatore (Seguridad) y la secretaria coordinadora de Gobernaci&oacute;n, Lia Alvarez.<\/p>\n<p>Adem&aacute;s estuvieron presentes los diputados nacionales Guillermo Carmona y Anabel Fern&aacute;ndez Sagasti.<\/p>\n<p>&nbsp;<\/p>\n<\/body><\/html>\n","protected":false},"excerpt":{"rendered":"El ministro de Defensa visit\u00f3 Mendoza y particip\u00f3 en dos actividades vinculadas a las instituciones educativas de las Fuerzas Armadas.","protected":false},"author":3,"featured_media":0,"comment_status":"open","ping_status":"open","sticky":false,"template":"","format":"standard","meta":[],"categories":[19],"tags":[],"_links":{"self":[{"href":"https:\/\/www.mendoza.gov.ar\/prensa\/wp-json\/wp\/v2\/posts\/19761"}],"collection":[{"href":"https:\/\/www.mendoza.gov.ar\/prensa\/wp-json\/wp\/v2\/posts"}],"about":[{"href":"https:\/\/www.mendoza.gov.ar\/prensa\/wp-json\/wp\/v2\/types\/post"}],"author":[{"embeddable":true,"href":"https:\/\/www.mendoza.gov.ar\/prensa\/wp-json\/wp\/v2\/users\/3"}],"replies":[{"embeddable":true,"href":"https:\/\/www.mendoza.gov.ar\/prensa\/wp-json\/wp\/v2\/comments?post=19761"}],"version-history":[{"count":0,"href":"https:\/\/www.mendoza.gov.ar\/prensa\/wp-json\/wp\/v2\/posts\/19761\/revisions"}],"wp:attachment":[{"href":"https:\/\/www.mendoza.gov.ar\/prensa\/wp-json\/wp\/v2\/media?parent=19761"}],"wp:term":[{"taxonomy":"category","embeddable":true,"href":"https:\/\/www.mendoza.gov.ar\/prensa\/wp-json\/wp\/v2\/categories?post=19761"},{"taxonomy":"post_tag","embeddable":true,"href":"https:\/\/www.mendoza.gov.ar\/prensa\/wp-json\/wp\/v2\/tags?post=19761"}],"curies":[{"name":"wp","href":"https:\/\/api.w.org\/{rel}","templated":true}]}}