{"id":19869,"date":"2014-08-27T18:22:00","date_gmt":"2014-08-27T18:22:00","guid":{"rendered":"http:\/\/prensa.wp2.mendoza.gov.ar\/perez-recibio-en-casa-de-gobierno-a-productores-agricolas\/"},"modified":"2014-08-27T18:22:00","modified_gmt":"2014-08-27T18:22:00","slug":"perez-recibio-en-casa-de-gobierno-a-productores-agricolas","status":"publish","type":"post","link":"https:\/\/www.mendoza.gov.ar\/prensa\/perez-recibio-en-casa-de-gobierno-a-productores-agricolas\/","title":{"rendered":"P\u00e9rez recibi\u00f3 en Casa de Gobierno a productores agr\u00edcolas"},"content":{"rendered":"<!DOCTYPE html PUBLIC \"-\/\/W3C\/\/DTD HTML 4.0 Transitional\/\/EN\" \"http:\/\/www.w3.org\/TR\/REC-html40\/loose.dtd\">\n<html><body><p style=\"font-size: 13px\">El gobernador Francisco P&eacute;rez y el ministro de Agroindustria y Tecnolog&iacute;a, Marcelo Costa recibieron esta ma&ntilde;ana a los representantes de&nbsp;la Asociaci&oacute;n de Productores Autoconvocados (APA).<\/p>\n<p style=\"font-size: 13px\">Entre los temas analizados estuvieron los&nbsp;programas de sostenimiento de empleo, revisar&nbsp;temas impositivos e inconvenientes&nbsp;del &aacute;rea&nbsp;de Irrigaci&oacute;n, as&iacute; como incluir a los productores hort&iacute;colas de la zona Este dentro de la Agencia Mendocina de Comercializaci&oacute;n.&nbsp;<\/p>\n<p style=\"font-size: 13px\">En la reuni&oacute;n el mandatario provincial acord&oacute; con los representantes de APA elaborar&nbsp;una agenda de temas para trabajar en forma conjunta los puntos&nbsp;planteados por los productores.<\/p>\n<p style=\"font-size: 13px\">A su vez el Gobernador junto con el Ministro, se comprometi&oacute;&nbsp;a continuar las&nbsp;reuniones territoriales, no s&oacute;lo en el Este provincial, sino tambi&eacute;n en todos los departamentos de Mendoza.<\/p>\n<\/body><\/html>\n","protected":false},"excerpt":{"rendered":"Programas de sostenimiento de empleo, revisar temas impositivos e inconvenientes del \u00e1rea de Irrigaci\u00f3n, as\u00ed como incluir a productores hort\u00edcolas de la zona Este dentro de la Agencia Mendocina de Comercializaci\u00f3n fueron algunos de los temas abordados.","protected":false},"author":3,"featured_media":0,"comment_status":"open","ping_status":"open","sticky":false,"template":"","format":"standard","meta":[],"categories":[19],"tags":[],"_links":{"self":[{"href":"https:\/\/www.mendoza.gov.ar\/prensa\/wp-json\/wp\/v2\/posts\/19869"}],"collection":[{"href":"https:\/\/www.mendoza.gov.ar\/prensa\/wp-json\/wp\/v2\/posts"}],"about":[{"href":"https:\/\/www.mendoza.gov.ar\/prensa\/wp-json\/wp\/v2\/types\/post"}],"author":[{"embeddable":true,"href":"https:\/\/www.mendoza.gov.ar\/prensa\/wp-json\/wp\/v2\/users\/3"}],"replies":[{"embeddable":true,"href":"https:\/\/www.mendoza.gov.ar\/prensa\/wp-json\/wp\/v2\/comments?post=19869"}],"version-history":[{"count":0,"href":"https:\/\/www.mendoza.gov.ar\/prensa\/wp-json\/wp\/v2\/posts\/19869\/revisions"}],"wp:attachment":[{"href":"https:\/\/www.mendoza.gov.ar\/prensa\/wp-json\/wp\/v2\/media?parent=19869"}],"wp:term":[{"taxonomy":"category","embeddable":true,"href":"https:\/\/www.mendoza.gov.ar\/prensa\/wp-json\/wp\/v2\/categories?post=19869"},{"taxonomy":"post_tag","embeddable":true,"href":"https:\/\/www.mendoza.gov.ar\/prensa\/wp-json\/wp\/v2\/tags?post=19869"}],"curies":[{"name":"wp","href":"https:\/\/api.w.org\/{rel}","templated":true}]}}