{"id":19904,"date":"2014-08-25T20:58:00","date_gmt":"2014-08-25T20:58:00","guid":{"rendered":"http:\/\/prensa.wp2.mendoza.gov.ar\/perez-gioja-y-beder-herrera-acordaron-medidas-concretas-para-mejorar-la-vitivinicultura\/"},"modified":"2014-08-25T20:58:00","modified_gmt":"2014-08-25T20:58:00","slug":"perez-gioja-y-beder-herrera-acordaron-medidas-concretas-para-mejorar-la-vitivinicultura","status":"publish","type":"post","link":"https:\/\/www.mendoza.gov.ar\/prensa\/perez-gioja-y-beder-herrera-acordaron-medidas-concretas-para-mejorar-la-vitivinicultura\/","title":{"rendered":"P\u00e9rez, Gioja y Beder Herrera acordaron medidas concretas para mejorar la vitivinicultura"},"content":{"rendered":"<!DOCTYPE html PUBLIC \"-\/\/W3C\/\/DTD HTML 4.0 Transitional\/\/EN\" \"http:\/\/www.w3.org\/TR\/REC-html40\/loose.dtd\">\n<html><body><p>El gobernador Francisco P&eacute;rez viaj&oacute; esta tarde a San Juan, en donde se reuni&oacute; con los mandatarios Jos&eacute; Luis Gioja (San Juan) y Luis Beder Herrera (La Rioja) para abordar la problem&aacute;tica actual de la vitivinicultura. Tras el encuentro emitieron un documento conjunto con seis medidas concretas para apuntalar y hacer frente a la situaci&oacute;n del sector. Adem&aacute;s, el viernes pr&oacute;ximo llevar&aacute;n la preocupaci&oacute;n a la Canciller&iacute;a Argentina, aprovechando la reuni&oacute;n con ministros de los Gabinetes argentino y chileno. Ese d&iacute;a tambi&eacute;n se reunir&aacute;n con el ministro de Agricultura, Ganader&iacute;a y Pesca, Carlos Casamiquela.<\/p>\n<p>En la cumbre participaron tambi&eacute;n el ministro de Agroindustria, Marcelo Costa; el subsecretario de Industria, Mart&iacute;n Hinojosa; y el titular de ProMendoza, Daniel Gonz&aacute;lez. Adem&aacute;s estaban Marcelo Alos y Javier Tineo, titulares de las carteras de Producci&oacute;n de San Juan y La Rioja, respectivamente; Andr&eacute;s D&iacute;az Cano, secretario de Agricultura de San Juan; y H&eacute;ctor Voena, vicepresidente del INV.<\/p>\n<p>Las medidas inmediatas que P&eacute;rez, Gioja y Beder Herrera dejaron plasmadas en el convenio que suscribieron esta tarde en la vecina provincia de San Juan apuntan a resolver el problema del exceso de stock a partir de la promoci&oacute;n de nuevas exportaciones a granel, y en el caso particular de Mendoza y San Juan a trav&eacute;s de la emisi&oacute;n de un bono certificado que sirva para cancelar deudas fiscales.<\/p>\n<p>Adem&aacute;s se firmar&aacute; un convenio con las principales empresas vitivin&iacute;colas fraccionadoras de vinos de Argentina a fin de respetar y mejorar los precios actuales de vinos de traslado e incrementar los mismos como m&iacute;nimo en la misma proporci&oacute;n que resulten modificados los precios al p&uacute;blico en las cadenas de comercializaci&oacute;n nacional. El convenio establece que &ldquo;a tal fin se constituir&aacute; un Observatorio de Costos y Precios Vitivin&iacute;colas del cual surjan los valores de referencia a considerar, integrado por los Gobiernos provinciales y las entidades gremiales empresarias e invitando a participar al INTA, el INV y las universidades locales, y que se publicar&aacute; en forma peri&oacute;dica para el conocimiento de todos los actores&rdquo;.<\/p>\n<p>El cuarto punto es el lanzamiento de una l&iacute;nea especial de cr&eacute;dito con el Banco Naci&oacute;n con subsidio de tasa para bodegas que compren vino blanco.<\/p>\n<p>En el caso del mosto concentrado, el stock existente en poder de los Gobiernos de las tres provincias (que es de aproximadamente 18.000 toneladas) se colocar&aacute; en el exterior a partir de las gestiones en marcha. Adem&aacute;s, P&eacute;rez y sus pares de San Juan y La Rioja aseguraron que el acuerdo para 2015 prev&eacute; un alto porcentaje, &ldquo;considerando la sobreoferta de vinos existente. Se implementar&aacute;n distintas medidas a fin de fortalecer el mercado interno y externo del mosto&rdquo;, seg&uacute;n reza el documento.<\/p>\n<p>Por &uacute;ltimo, el Instituto Nacional de Vitivinicultura (INV) estudiar&aacute; la limitaci&oacute;n a la implantaci&oacute;n de nuevos vi&ntilde;edos y fortalecer&aacute; los controles de elaboraci&oacute;n y cumplimiento de normas vigentes.<\/p>\n<p>&nbsp;<\/p>\n<p>Los actores pol&iacute;ticos<\/p>\n<p>Tras el encuentro de m&aacute;s de dos horas que los tres mandatarios mantuvieron en la Casa de Gobierno sanjuanina, los gobernadores brindaron una conferencia de prensa conjunta para dar detalles del convenio suscripto.<\/p>\n<p>&ldquo;El motivo de la reuni&oacute;n de los gobernadores de las tres provincias es la preocupaci&oacute;n por el desequilibrio que hay entre oferta y demanda en el mercado del vino, previo a que cada provincia ha hecho su an&aacute;lisis, los gobernadores creyeron necesario coordinar acciones comunes&rdquo;, dijo en el debut Gioja. Luego agreg&oacute; que &ldquo;el diagn&oacute;stico es que en promedio hay un poco m&aacute;s de tres meses de existencia de stocks v&iacute;nicos lo que desvirt&uacute;a el precio del producto que si bien esto responde a un problema mundial, en particular afecta a la regi&oacute;n cuyana&rdquo;.<\/p>\n<p>Para corregir el exceso de stock de vino, se promover&aacute;n nuevas exportaciones. En este punto, una de las medidas a corto plazo es avanzar en un operativo con Rusia, que ya ha ofrecido adquirir 250 millones de litros de vino y 50 millones de litros de mosto, tal como expuso el gobernador sanjuanino.<\/p>\n<p>Otra de las acciones que detall&oacute; Gioja es concentrar las 18.000 toneladas de mosto sulfitado para intentar exportar todo ese volumen. Las 18.000 toneladas se componen de: 8.000 de Mendoza, 6000 de San Juan y 4000 de La Rioja.<\/p>\n<p>Mientras que P&eacute;rez evalu&oacute; la situaci&oacute;n de la vitivinicultura argentina como &ldquo;dif&iacute;cil&rdquo;. Y en sinton&iacute;a con esa realidad dijo que &ldquo;hay una necesidad de que los Gobiernos trabajen en forma articulada y con entidades del sector&rdquo;. Una de las propuestas del mandatario mendocino que qued&oacute; plasmada en el convenio es que &ldquo;los pr&oacute;ximos aumentos del precio del vino para la g&oacute;ndola se prorratee con el peque&ntilde;o productor y la adhesi&oacute;n de grandes compradores a que se establezca un precio m&iacute;nimo. Con esto los beneficios ser&aacute;n para toda la cadena de producci&oacute;n&rdquo;.<\/p>\n<p>El Gobernador de Mendoza evalu&oacute; que una de las razones que influye tambi&eacute;n en la dif&iacute;cil situaci&oacute;n del sector es lo climatol&oacute;gico, &ldquo;porque este a&ntilde;o hemos tenido muy pocas nevadas&rdquo;.<\/p>\n<p>P&eacute;rez agreg&oacute; tambi&eacute;n que &ldquo;al peque&ntilde;o productor se le est&aacute; pagando en varias cuotas mientras que el industrial hace un prorrateo del IVA de esas cuotas&rdquo;. Y agreg&oacute;: &ldquo;Vamos a hacer una presentaci&oacute;n al titular de la AFIP para corregir esto porque si hay prorrateo que haya para todos&rdquo;.<\/p>\n<p>Por &uacute;ltimo, Beder Herrera explic&oacute; que han decidido formar un observatorio &ldquo;para conocer bien los costos y poder ayudarlos. Los esfuerzos que van a hacer las provincias y la Naci&oacute;n se tienen que ver reflejadas en los productos y sobre todo en el peque&ntilde;o productor. Es importante este observatorio para ver costos y precios para que los beneficios lleguen a todos&rdquo;.<\/p>\n<p><img src=\"\/files\/media\/medium_25_08_14reunion_provincias_vitivinicolas.jpg\" class=\" img-responsive center-block\"><\/p>\n<\/body><\/html>\n","protected":false},"excerpt":{"rendered":"Los gobernadores de Mendoza, San Juan y La Rioja se reunieron en San Juan. Emitieron un documento que incluye acciones para colocar el exceso v\u00ednico, l\u00edneas de cr\u00e9dito y la creaci\u00f3n de un observatorio de costos de la industria.","protected":false},"author":3,"featured_media":0,"comment_status":"open","ping_status":"open","sticky":false,"template":"","format":"standard","meta":[],"categories":[19],"tags":[],"_links":{"self":[{"href":"https:\/\/www.mendoza.gov.ar\/prensa\/wp-json\/wp\/v2\/posts\/19904"}],"collection":[{"href":"https:\/\/www.mendoza.gov.ar\/prensa\/wp-json\/wp\/v2\/posts"}],"about":[{"href":"https:\/\/www.mendoza.gov.ar\/prensa\/wp-json\/wp\/v2\/types\/post"}],"author":[{"embeddable":true,"href":"https:\/\/www.mendoza.gov.ar\/prensa\/wp-json\/wp\/v2\/users\/3"}],"replies":[{"embeddable":true,"href":"https:\/\/www.mendoza.gov.ar\/prensa\/wp-json\/wp\/v2\/comments?post=19904"}],"version-history":[{"count":0,"href":"https:\/\/www.mendoza.gov.ar\/prensa\/wp-json\/wp\/v2\/posts\/19904\/revisions"}],"wp:attachment":[{"href":"https:\/\/www.mendoza.gov.ar\/prensa\/wp-json\/wp\/v2\/media?parent=19904"}],"wp:term":[{"taxonomy":"category","embeddable":true,"href":"https:\/\/www.mendoza.gov.ar\/prensa\/wp-json\/wp\/v2\/categories?post=19904"},{"taxonomy":"post_tag","embeddable":true,"href":"https:\/\/www.mendoza.gov.ar\/prensa\/wp-json\/wp\/v2\/tags?post=19904"}],"curies":[{"name":"wp","href":"https:\/\/api.w.org\/{rel}","templated":true}]}}