{"id":19934,"date":"2014-08-22T12:41:00","date_gmt":"2014-08-22T12:41:00","guid":{"rendered":"http:\/\/prensa.wp2.mendoza.gov.ar\/interes-del-mercosur-en-las-politicas-ambientales-de-mendoza\/"},"modified":"2014-08-22T12:41:00","modified_gmt":"2014-08-22T12:41:00","slug":"interes-del-mercosur-en-las-politicas-ambientales-de-mendoza","status":"publish","type":"post","link":"https:\/\/www.mendoza.gov.ar\/prensa\/interes-del-mercosur-en-las-politicas-ambientales-de-mendoza\/","title":{"rendered":"Inter\u00e9s del Mercosur en las pol\u00edticas ambientales de Mendoza"},"content":{"rendered":"<!DOCTYPE html PUBLIC \"-\/\/W3C\/\/DTD HTML 4.0 Transitional\/\/EN\" \"http:\/\/www.w3.org\/TR\/REC-html40\/loose.dtd\">\n<html><body><p>El ministro de Tierras, Ambiente y Recursos Naturales, Guillermo Elizalde, fue el encargado de realizar un bosquejo de las pol&iacute;ticas ambientales que lleva adelante la Provincia ante la XVIII Asamblea General de la Uni&oacute;n Parlamentarios Sudamericanos y Mercosur (UPM), Bloque Argentino.<\/p>\n<p>En el marco del Foro de Preservaci&oacute;n del Medio Ambiente y Cambio Clim&aacute;tico, Elizalde rescat&oacute; el concepto de aquella Naci&oacute;n Grande, pensada por San Mart&iacute;n y Bol&iacute;var, haciendo referencia al Mercosur y se&ntilde;al&oacute; que &ldquo;no es posible pensar en esa integraci&oacute;n sin avanzar en pol&iacute;ticas ambientales conjuntas&rdquo;.&nbsp;<\/p>\n<p>El Ministro de Tierras y Ambiente fue parte adem&aacute;s en la mesa de autoridades que particip&oacute; de la presentaci&oacute;n en Mendoza del Informe sobre Desarrollo Humano 2014 del Programa de Naciones Unidas para el Desarrollo (PNUD).&nbsp;<\/p>\n<p>El panel, moderado por el presidente del Centro de Asuntos Globales de UNCuyo, Jos&eacute; Octavio Bord&oacute;n, brind&oacute; una mirada comprensiva sobre c&oacute;mo sostener el progreso humano ante crisis econ&oacute;micas o por desastres naturales, evaluando grado de vulnerabilidad y resiliencia en esos pa&iacute;ses. La realidad de Mendoza tuvo su espacio particular y en este esquema la exposici&oacute;n del Ministro Elizalde fue bien recibida por los numerosos asistentes.&nbsp;<\/p>\n<p><strong>Mercosur y Medio Ambiente<\/strong><\/p>\n<p>La Uni&oacute;n de Parlamentarios del Mercosur es una instituci&oacute;n que referencia un orden regional y que involucra a legisladores provinciales, estaduales y departamentales de Argentina, Brasil, Uruguay, Paraguay y Chile.<\/p>\n<p>El Bloque Argentino de UPM se constituy&oacute; en el 2000 para generar pol&iacute;ticas que permitan crear conciencia en la necesidad de integraci&oacute;n econ&oacute;mica, social y regional de la Argentina en el Mercosur. Para esta Asamblea, que comenz&oacute; el jueves y culmina este s&aacute;bado, se eligi&oacute; Mendoza en conmemoraci&oacute;n del Bicentenario de la Gobernaci&oacute;n e Intendencia de Cuyo del Gral. Jos&eacute; de San Mart&iacute;n.&nbsp;<\/p>\n<p>Elizalde tuvo el honor de participar de la Presentaci&oacute;n del Observatorio Legislativo Ambiental de la UPM que abri&oacute; su debate con la exposici&oacute;n del Ministro.&nbsp;<\/p>\n<p>Dibujando un gran mapeo de lo que son las pol&iacute;ticas ambientales que lleva adelante el Gobierno Provincial, explic&oacute; que lo primero es visualizar el problema: &ldquo;Tenemos dos grandes zonas de fragilidad ambiental, el piedemonte y la p&eacute;rdida del cintur&oacute;n verde del Gran Mendoza. Ante esto, el Gobierno ha pensado soluciones desarrollando herramientas a trav&eacute;s del Plan Provincial de Ordenamiento Territorial y del proyectado Banco de Tierras&rdquo;.&nbsp;<\/p>\n<p>&ldquo;S&oacute;lo el 5% del territorio mendocino es irrigado, y en esa peque&ntilde;a porci&oacute;n vivimos el 95% de los habitantes&rdquo; dijo Elizalde causando asombro en los parlamentarios que llegaron desde m&aacute;s all&aacute; de las fronteras.&nbsp;<\/p>\n<p>El Ministro se&ntilde;al&oacute; tambi&eacute;n que es, justamente esa problem&aacute;tica, la que ha llevado a trabajar buscando estrategias que generen consenso.&nbsp;<br>\n&ldquo;Toda macrocefalia en las ciudades genera inequidades sociales, eso debe cambiar y para ello es necesario continuar y fortalecer todas las pol&iacute;ticas ambientales y socio-econ&oacute;micas necesarias para desarrollarnos mejor. El Gobierno de Mendoza est&aacute; en ese camino&rdquo;, dijo.&nbsp;<\/p>\n<p>El funcionario realiz&oacute; una detallada exposici&oacute;n del sinn&uacute;mero de acciones ambientales que lleva adelante Mendoza desde el Ministerio de Tierras, Ambiente y Recursos Naturales como el estudio del Cambio Clim&aacute;tico, la protecci&oacute;n de las &Aacute;reas Naturales en todo el territorio y sus planes de manejo, el trabajo sobre Residuos S&oacute;lidos Urbanos y el programa GIRSU que naci&oacute; para solucionar esta problem&aacute;tica, entre otros temas.&nbsp;<\/p>\n<p>&nbsp;<\/p>\n<\/body><\/html>\n","protected":false},"excerpt":{"rendered":"Elizalde expuso sobre Ambiente y Cambio Clim\u00e1tico ante Parlamentarios del Mercosur y luego en la presentaci\u00f3n del Informe de Desarrollo Humano de las Naciones Unidas que realiz\u00f3 la UNCuyo.","protected":false},"author":3,"featured_media":0,"comment_status":"open","ping_status":"open","sticky":false,"template":"","format":"standard","meta":[],"categories":[3],"tags":[],"_links":{"self":[{"href":"https:\/\/www.mendoza.gov.ar\/prensa\/wp-json\/wp\/v2\/posts\/19934"}],"collection":[{"href":"https:\/\/www.mendoza.gov.ar\/prensa\/wp-json\/wp\/v2\/posts"}],"about":[{"href":"https:\/\/www.mendoza.gov.ar\/prensa\/wp-json\/wp\/v2\/types\/post"}],"author":[{"embeddable":true,"href":"https:\/\/www.mendoza.gov.ar\/prensa\/wp-json\/wp\/v2\/users\/3"}],"replies":[{"embeddable":true,"href":"https:\/\/www.mendoza.gov.ar\/prensa\/wp-json\/wp\/v2\/comments?post=19934"}],"version-history":[{"count":0,"href":"https:\/\/www.mendoza.gov.ar\/prensa\/wp-json\/wp\/v2\/posts\/19934\/revisions"}],"wp:attachment":[{"href":"https:\/\/www.mendoza.gov.ar\/prensa\/wp-json\/wp\/v2\/media?parent=19934"}],"wp:term":[{"taxonomy":"category","embeddable":true,"href":"https:\/\/www.mendoza.gov.ar\/prensa\/wp-json\/wp\/v2\/categories?post=19934"},{"taxonomy":"post_tag","embeddable":true,"href":"https:\/\/www.mendoza.gov.ar\/prensa\/wp-json\/wp\/v2\/tags?post=19934"}],"curies":[{"name":"wp","href":"https:\/\/api.w.org\/{rel}","templated":true}]}}