{"id":19949,"date":"2014-08-21T12:20:00","date_gmt":"2014-08-21T12:20:00","guid":{"rendered":"http:\/\/prensa.wp2.mendoza.gov.ar\/el-plan-provincial-de-manejo-del-fuego-contuvo-16-incendios-forestales\/"},"modified":"2014-08-21T12:20:00","modified_gmt":"2014-08-21T12:20:00","slug":"el-plan-provincial-de-manejo-del-fuego-contuvo-16-incendios-forestales","status":"publish","type":"post","link":"https:\/\/www.mendoza.gov.ar\/prensa\/el-plan-provincial-de-manejo-del-fuego-contuvo-16-incendios-forestales\/","title":{"rendered":"El Plan Provincial de Manejo del fuego contuvo 16 incendios forestales"},"content":{"rendered":"<!DOCTYPE html PUBLIC \"-\/\/W3C\/\/DTD HTML 4.0 Transitional\/\/EN\" \"http:\/\/www.w3.org\/TR\/REC-html40\/loose.dtd\">\n<html><body><p style=\"text-align: justify\">El Plan Provincial de Manejo del Fuego, perteneciente al Ministerio de Tierras, Ambiente y Recursos Naturales registr&oacute;&nbsp;en los &uacute;ltimos d&iacute;as, 16 incendios forestales&nbsp; y de interface (entre zonas urbanas y rurales) en los departamentos del sur de Mendoza.<\/p>\n<p style=\"text-align: justify\">Todos los incendios tuvieron la caracter&iacute;stica de alta velocidad de propagaci&oacute;n y un alto consumo de combustibles vegetales. Esto se debi&oacute; a que las variables meteorol&oacute;gicas de estos d&iacute;as:&nbsp;alta temperatura, baja humedad relativa ambiente y gran velocidad de viento que&nbsp;favorecieron el avance del fuego y el alto desprendimiento de calor y radiaci&oacute;n en los incendios.<\/p>\n<p style=\"text-align: justify\">Por estos&nbsp;motivos llegaron a registrarse velocidades de avance de cabeza de incendio de hasta 35 metros por minuto y longitudes de llama superiores a los 15 metros.<\/p>\n<p style=\"text-align: justify\">La causa de todos los siniestros fue antr&oacute;pica es decir humana, en algunos casos por el mal uso del fuego como herramienta de limpieza de bald&iacute;os, maleza vegetal en fincas,&nbsp; banquinas, restos vegetales acumulados en predios, despeje de cauces.<\/p>\n<p style=\"text-align: justify\">Aunque la gravedad de este accionar se destaca en aquellos ocasionados con intencionalidad manifiesta como en el caso del Distrito de Monte Com&aacute;n en donde se iniciaron 4 focos &iacute;gneos con una diferencia de 5 minutos entre cada uno sobre las banquinas de la ruta Provincial 171 y Nacional 146, en un trayecto de 15 kil&oacute;metros entre Monte Com&aacute;n y La Llave, durante la jornada del domingo 10.<\/p>\n<p style=\"text-align: justify\">El informe elaborado por el guardaparque Fabricio Ayala, coordinador del Servicio de Manejo del Fuego, indica que el personal brigadista de las&nbsp;Bases Operativas de Monte Com&aacute;n, General Alvear y Mendoza combatieron con prontitud la totalidad de los siniestros y su r&aacute;pida intervenci&oacute;n salv&oacute; 5 casas rurales, la&nbsp;quema de varios corrales de cr&iacute;a de ganado domestico y parcelas cultivadas con frutales. En contraste, se constat&oacute; la p&eacute;rdida de 3 ovinos, 300 metros de alambrado perimetral, 10 hect&aacute;reas de ciruelos, un galp&oacute;n en desuso y l&iacute;neas de tendido el&eacute;ctrico.<\/p>\n<p style=\"text-align: justify\">La contenci&oacute;n de los incendios se realiz&oacute; en conjunto con personal perteneciente a Direcci&oacute;n de Defensa Civil de General Alvear, Bomberos de General Alvear y San Rafael, Bomberos Voluntarios de Villa Atuel y Monte Com&aacute;n y pobladores de las zonas afectadas.<\/p>\n<p style=\"text-align: justify\"><strong>Prevenci&oacute;n activa<\/strong><\/p>\n<p style=\"text-align: justify\">Consiste en el patrullaje en zonas cr&iacute;ticas por parte de vig&iacute;as, quienes al detectar la presencia de un incendio forestal activo dan aviso a las brigadas sobre su ubicaci&oacute;n y las amenazas que este representa. Esto permite acudir a los siniestros con antelaci&oacute;n suficiente para evitar que se registren da&ntilde;os tanto a personas, bienes o valores ambientales.<\/p>\n<p style=\"text-align: justify\">Los recursos involucrados por parte del Servicio Provincial de Manejo del Fuego son: 20 Brigadistas y 4 m&oacute;viles autobomba con distintas caracter&iacute;sticas que permiten una alta penetraci&oacute;n forestal para combate de incendios de interface o una acci&oacute;n r&aacute;pida y penetraci&oacute;n forestal media y otro destinado patrullaje y acci&oacute;n r&aacute;pida.<\/p>\n<\/body><\/html>\n","protected":false},"excerpt":{"rendered":"Fue en el Sur provincial y el detalle se conoci\u00f3 a trav\u00e9s de un Informe t\u00e9cnico del organismo.","protected":false},"author":3,"featured_media":0,"comment_status":"open","ping_status":"open","sticky":false,"template":"","format":"standard","meta":[],"categories":[3],"tags":[],"_links":{"self":[{"href":"https:\/\/www.mendoza.gov.ar\/prensa\/wp-json\/wp\/v2\/posts\/19949"}],"collection":[{"href":"https:\/\/www.mendoza.gov.ar\/prensa\/wp-json\/wp\/v2\/posts"}],"about":[{"href":"https:\/\/www.mendoza.gov.ar\/prensa\/wp-json\/wp\/v2\/types\/post"}],"author":[{"embeddable":true,"href":"https:\/\/www.mendoza.gov.ar\/prensa\/wp-json\/wp\/v2\/users\/3"}],"replies":[{"embeddable":true,"href":"https:\/\/www.mendoza.gov.ar\/prensa\/wp-json\/wp\/v2\/comments?post=19949"}],"version-history":[{"count":0,"href":"https:\/\/www.mendoza.gov.ar\/prensa\/wp-json\/wp\/v2\/posts\/19949\/revisions"}],"wp:attachment":[{"href":"https:\/\/www.mendoza.gov.ar\/prensa\/wp-json\/wp\/v2\/media?parent=19949"}],"wp:term":[{"taxonomy":"category","embeddable":true,"href":"https:\/\/www.mendoza.gov.ar\/prensa\/wp-json\/wp\/v2\/categories?post=19949"},{"taxonomy":"post_tag","embeddable":true,"href":"https:\/\/www.mendoza.gov.ar\/prensa\/wp-json\/wp\/v2\/tags?post=19949"}],"curies":[{"name":"wp","href":"https:\/\/api.w.org\/{rel}","templated":true}]}}