{"id":200278,"date":"2019-09-05T12:57:08","date_gmt":"2019-09-05T15:57:08","guid":{"rendered":"http:\/\/prensa.wp1.mendoza.gov.ar\/?p=200278"},"modified":"2019-10-07T11:20:09","modified_gmt":"2019-10-07T14:20:09","slug":"con-mas-de-300-personas-se-llevo-a-cabo-la-audiencia-publica-por-hierro-indio","status":"publish","type":"post","link":"https:\/\/www.mendoza.gov.ar\/prensa\/con-mas-de-300-personas-se-llevo-a-cabo-la-audiencia-publica-por-hierro-indio\/","title":{"rendered":"Con m\u00e1s de 300 personas, se llev\u00f3 a cabo la audiencia p\u00fablica por Hierro\u00a0Indio"},"content":{"rendered":"<!DOCTYPE html PUBLIC \"-\/\/W3C\/\/DTD HTML 4.0 Transitional\/\/EN\" \"http:\/\/www.w3.org\/TR\/REC-html40\/loose.dtd\">\n<html><body><h5>En el marco de la Ley 9003, art&iacute;culo 168 bis, la Secretar&iacute;a de Ambiente y Ordenamiento&nbsp;Territorial convoc&oacute; a una audiencia p&uacute;blica para poner en conocimiento a la ciudadan&iacute;a sobre&nbsp;el proyecto de exploraci&oacute;n minera Hierro Indio.<\/h5>\n<p>El encuentro se desarroll&oacute; en el&nbsp;departamento de Malarg&uuml;e y participaron funcionarios provinciales,&nbsp;municipales, legisladores, c&aacute;maras empresarias e instituciones acad&eacute;micas y ciudadanos en&nbsp;general.<\/p>\n<p>La resoluci&oacute;n emitida por la Direcci&oacute;n de Protecci&oacute;n Ambiental de la Secretar&iacute;a de&nbsp;Ambiente y&nbsp;Ordenamiento Territorial detalla que el proyecto tiene aptitud ambiental por&nbsp;tratarse de una&nbsp;etapa de exploraci&oacute;n y an&aacute;lisis del entorno. Las actividades no van a&nbsp;producir modificaciones&nbsp;que excedan la capacidad de carga del entorno espec&iacute;fico de&nbsp;definici&oacute;n del proyecto.<\/p>\n<p>El secretario de Ambiente y Ordenamiento Territorial, Humberto Mingorance, destac&oacute;:&nbsp;&ldquo;En&nbsp;este caso, debido a sus caracter&iacute;sticas, la audiencia p&uacute;blica no fue de car&aacute;cter obligatorio&nbsp;pero desde el&nbsp;Gobierno la impulsamos para que se realice de igual forma y as&iacute; poner&nbsp;en&nbsp;conocimiento del proyecto a todos los ciudadanos. Parte de este proceso se enmarca en&nbsp;la&nbsp;transparencia digital y de datos abiertos p&uacute;blicos que venimos impulsando desde del&nbsp;inicio&nbsp;de gesti&oacute;n en toda la provincia&rdquo;.<\/p>\n<p>El funcionario resalt&oacute; tambi&eacute;n la participaci&oacute;n de los oradores, quienes se mostraron, la gran&nbsp;mayor&iacute;a, a favor del proyecto y del desarrollo minero con estrictas pol&iacute;ticas ambientales. &ldquo;Fue&nbsp;muy notoria la cantidad de asistentes que se hicieron presentes en el Centro de Congresos de&nbsp;Malarg&uuml;e, manifestando la necesidad de avanzar con este proyecto de manera controlada e&nbsp;impulsar las fuentes laborales en lo que respecta a la actividad minera&rdquo;.<\/p>\n<p>Por su parte, la directora de Protecci&oacute;n Ambiental, Miriam Skalany, explic&oacute;: &ldquo;La&nbsp;Audiencia&nbsp;P&uacute;blica convoc&oacute; a toda persona humana o jur&iacute;dica, p&uacute;blica o privada que invocara&nbsp;un&nbsp;inter&eacute;s razonable, individual o de incidencia colectiva, relacionado directa o indirectamente&nbsp;con el proyecto denominado Informe de Impacto Ambiental Exploraci&oacute;n&nbsp;Minera Hierro Indio, con la finalidad de poner en conocimiento a los ciudadanos y&nbsp;de esta forma generar una licencia social&rdquo;.<\/p>\n<p>En la convocatoria estuvieron presentes el secretario de Ambiente y Ordenamiento Territorial,&nbsp;Humberto Mingorance, quien abri&oacute; la audiencia junto al intendente de la&nbsp;Municipalidad de Malarg&uuml;e, Jorge Vergara. Tambi&eacute;n asistieron la directora de&nbsp;Protecci&oacute;n Ambiental, Miriam Skalany; el subsecretario de Energ&iacute;a y Miner&iacute;a, Emilio Gi&ntilde;az&uacute;;&nbsp;legisladores provinciales de distintos partidos pol&iacute;ticos, autoridades de la Universidad Nacional&nbsp;de Cuyo y otras instituciones acad&eacute;micas, c&aacute;maras empresarias y mineras, trabajadores de la&nbsp;industria, puesteros y vecinos de la zona.<\/p>\n\n        <style type='text\/css'>\n            #gallery-1 {\n                margin: auto;\n            }\n            #gallery-1 .gallery-item {\n                float: left;\n                margin-top: 10px;\n\n                width: auto;}\n            #gallery-1 img {\n                border: 0px none;\n            }\n            #gallery-1 .gallery-caption {\n                margin-left: 0;\n            }\n        <\/style>\n<script>\njQuery(document).ready(function($) {\n  jQuery('div.gallery-item').hover(function(){\n     \/\/jQuery(this).fadeIn().siblings(':not(.modal)').fadeTo( 'slow' , 0.2);\n     jQuery(this).siblings(':not(.modal)').fadeTo( 'fast' , 0.2);\n     jQuery(this).fadeTo( 'slow' , 1);\n  },function(){\n     \/\/$(this).siblings().andSelf().fadeTo( 'slow' , 1);\n  });\n  jQuery('#gallery-1').on('mouseleave',function(){\n    jQuery('div.gallery-item').fadeTo( 'fast' , 1);\n  })\n});\n<\/script>\n        <!-- see gallery_shortcode() in wp-includes\/media.php -->\n        <h3>GALERIA<\/h3>\n        <div id='gallery-1' class='gallery galleryid-200278'><div class='gallery-item' data-toggle='modal' data-target='#200279' id='r200279'>\n            <dt class='gallery-icon'>\n                <a style='cursor:pointer;'><img width='150' height='150' src='https:\/\/www.mendoza.gov.ar\/wp-content\/uploads\/sites\/5\/2019\/09\/WhatsApp-Image-2019-09-05-at-12.41.47-150x150.jpeg' class='attachment-thumbnail size-thumbnail' alt='' href=''><\/a>\n             <\/dt><\/div><div class=\"modal fade bs-example-modal-lg\" id=\"200279\" tabindex=\"-1\" role=\"dialog\" aria-labelledby=\"myModalLabel\">\n  <div class=\"modal-dialog modal-lg\" role=\"document\">\n    <div class=\"\">\n      <div class=\"modal-body\" style=\"text-align: center;\"><a href='https:\/\/www.mendoza.gov.ar\/prensa\/con-mas-de-300-personas-se-llevo-a-cabo-la-audiencia-publica-por-hierro-indio\/whatsapp-image-2019-09-05-at-12-41-47\/'><img width=\"700\" height=\"463\" src=\"https:\/\/www.mendoza.gov.ar\/wp-content\/uploads\/sites\/5\/2019\/09\/WhatsApp-Image-2019-09-05-at-12.41.47-700x463.jpeg\" class=\"attachment-large size-large\" alt=\"\" loading=\"lazy\" srcset=\"https:\/\/www.mendoza.gov.ar\/wp-content\/uploads\/sites\/5\/2019\/09\/WhatsApp-Image-2019-09-05-at-12.41.47-700x463.jpeg 700w, https:\/\/www.mendoza.gov.ar\/wp-content\/uploads\/sites\/5\/2019\/09\/WhatsApp-Image-2019-09-05-at-12.41.47-250x165.jpeg 250w, https:\/\/www.mendoza.gov.ar\/wp-content\/uploads\/sites\/5\/2019\/09\/WhatsApp-Image-2019-09-05-at-12.41.47-768x508.jpeg 768w, https:\/\/www.mendoza.gov.ar\/wp-content\/uploads\/sites\/5\/2019\/09\/WhatsApp-Image-2019-09-05-at-12.41.47-120x79.jpeg 120w, https:\/\/www.mendoza.gov.ar\/wp-content\/uploads\/sites\/5\/2019\/09\/WhatsApp-Image-2019-09-05-at-12.41.47.jpeg 1280w\" sizes=\"(max-width: 700px) 100vw, 700px\" \/><\/a><a data-toggle=\"modal\" data-dismiss=\"modal\" data-target=\"#200280\"><i class=\"text-white fa fa-chevron-right fa-4x\"><\/i><\/a><\/div>\n    <\/div>\n  <\/div>\n<\/div><div class='gallery-item' data-toggle='modal' data-target='#200280' id='r200280'>\n            <dt class='gallery-icon'>\n                <a style='cursor:pointer;'><img width='150' height='150' src='https:\/\/www.mendoza.gov.ar\/wp-content\/uploads\/sites\/5\/2019\/09\/WhatsApp-Image-2019-09-05-at-12.41.46-150x150.jpeg' class='attachment-thumbnail size-thumbnail' alt='' href=''><\/a>\n             <\/dt><\/div><div class=\"modal fade bs-example-modal-lg\" id=\"200280\" tabindex=\"-1\" role=\"dialog\" aria-labelledby=\"myModalLabel\">\n  <div class=\"modal-dialog modal-lg\" role=\"document\">\n    <div class=\"\">\n      <div class=\"modal-body\" style=\"text-align: center;\"><a data-toggle=\"modal\" data-dismiss=\"modal\" data-target=\"#200279\"><i class=\"text-white fa fa-chevron-left fa-4x\"><\/i><\/a><a href='https:\/\/www.mendoza.gov.ar\/prensa\/con-mas-de-300-personas-se-llevo-a-cabo-la-audiencia-publica-por-hierro-indio\/whatsapp-image-2019-09-05-at-12-41-46\/'><img width=\"700\" height=\"463\" src=\"https:\/\/www.mendoza.gov.ar\/wp-content\/uploads\/sites\/5\/2019\/09\/WhatsApp-Image-2019-09-05-at-12.41.46-700x463.jpeg\" class=\"attachment-large size-large\" alt=\"\" loading=\"lazy\" srcset=\"https:\/\/www.mendoza.gov.ar\/wp-content\/uploads\/sites\/5\/2019\/09\/WhatsApp-Image-2019-09-05-at-12.41.46-700x463.jpeg 700w, https:\/\/www.mendoza.gov.ar\/wp-content\/uploads\/sites\/5\/2019\/09\/WhatsApp-Image-2019-09-05-at-12.41.46-250x165.jpeg 250w, https:\/\/www.mendoza.gov.ar\/wp-content\/uploads\/sites\/5\/2019\/09\/WhatsApp-Image-2019-09-05-at-12.41.46-768x508.jpeg 768w, https:\/\/www.mendoza.gov.ar\/wp-content\/uploads\/sites\/5\/2019\/09\/WhatsApp-Image-2019-09-05-at-12.41.46-120x79.jpeg 120w, https:\/\/www.mendoza.gov.ar\/wp-content\/uploads\/sites\/5\/2019\/09\/WhatsApp-Image-2019-09-05-at-12.41.46.jpeg 1280w\" sizes=\"(max-width: 700px) 100vw, 700px\" \/><\/a><a data-toggle=\"modal\" data-dismiss=\"modal\" data-target=\"#200281\"><i class=\"text-white fa fa-chevron-right fa-4x\"><\/i><\/a><\/div>\n    <\/div>\n  <\/div>\n<\/div><div class='gallery-item' data-toggle='modal' data-target='#200281' id='r200281'>\n            <dt class='gallery-icon'>\n                <a style='cursor:pointer;'><img width='150' height='150' src='https:\/\/www.mendoza.gov.ar\/wp-content\/uploads\/sites\/5\/2019\/09\/WhatsApp-Image-2019-09-05-at-12.41.47-1-150x150.jpeg' class='attachment-thumbnail size-thumbnail' alt='' href=''><\/a>\n             <\/dt><\/div><div class=\"modal fade bs-example-modal-lg\" id=\"200281\" tabindex=\"-1\" role=\"dialog\" aria-labelledby=\"myModalLabel\">\n  <div class=\"modal-dialog modal-lg\" role=\"document\">\n    <div class=\"\">\n      <div class=\"modal-body\" style=\"text-align: center;\"><a data-toggle=\"modal\" data-dismiss=\"modal\" data-target=\"#200280\"><i class=\"text-white fa fa-chevron-left fa-4x\"><\/i><\/a><a href='https:\/\/www.mendoza.gov.ar\/prensa\/con-mas-de-300-personas-se-llevo-a-cabo-la-audiencia-publica-por-hierro-indio\/whatsapp-image-2019-09-05-at-12-41-47-1\/'><img width=\"700\" height=\"525\" src=\"https:\/\/www.mendoza.gov.ar\/wp-content\/uploads\/sites\/5\/2019\/09\/WhatsApp-Image-2019-09-05-at-12.41.47-1-700x525.jpeg\" class=\"attachment-large size-large\" alt=\"\" loading=\"lazy\" srcset=\"https:\/\/www.mendoza.gov.ar\/wp-content\/uploads\/sites\/5\/2019\/09\/WhatsApp-Image-2019-09-05-at-12.41.47-1-700x525.jpeg 700w, https:\/\/www.mendoza.gov.ar\/wp-content\/uploads\/sites\/5\/2019\/09\/WhatsApp-Image-2019-09-05-at-12.41.47-1-250x188.jpeg 250w, https:\/\/www.mendoza.gov.ar\/wp-content\/uploads\/sites\/5\/2019\/09\/WhatsApp-Image-2019-09-05-at-12.41.47-1-768x576.jpeg 768w, https:\/\/www.mendoza.gov.ar\/wp-content\/uploads\/sites\/5\/2019\/09\/WhatsApp-Image-2019-09-05-at-12.41.47-1-120x90.jpeg 120w, https:\/\/www.mendoza.gov.ar\/wp-content\/uploads\/sites\/5\/2019\/09\/WhatsApp-Image-2019-09-05-at-12.41.47-1.jpeg 1152w\" sizes=\"(max-width: 700px) 100vw, 700px\" \/><\/a><a data-toggle=\"modal\" data-dismiss=\"modal\" data-target=\"#200282\"><i class=\"text-white fa fa-chevron-right fa-4x\"><\/i><\/a><\/div>\n    <\/div>\n  <\/div>\n<\/div><div class='gallery-item' data-toggle='modal' data-target='#200282' id='r200282'>\n            <dt class='gallery-icon'>\n                <a style='cursor:pointer;'><img width='150' height='150' src='https:\/\/www.mendoza.gov.ar\/wp-content\/uploads\/sites\/5\/2019\/09\/WhatsApp-Image-2019-09-05-at-12.41.47-2-150x150.jpeg' class='attachment-thumbnail size-thumbnail' alt='' href=''><\/a>\n             <\/dt><\/div><div class=\"modal fade bs-example-modal-lg\" id=\"200282\" tabindex=\"-1\" role=\"dialog\" aria-labelledby=\"myModalLabel\">\n  <div class=\"modal-dialog modal-lg\" role=\"document\">\n    <div class=\"\">\n      <div class=\"modal-body\" style=\"text-align: center;\"><a data-toggle=\"modal\" data-dismiss=\"modal\" data-target=\"#200281\"><i class=\"text-white fa fa-chevron-left fa-4x\"><\/i><\/a><a href='https:\/\/www.mendoza.gov.ar\/prensa\/con-mas-de-300-personas-se-llevo-a-cabo-la-audiencia-publica-por-hierro-indio\/whatsapp-image-2019-09-05-at-12-41-47-2\/'><img width=\"700\" height=\"525\" src=\"https:\/\/www.mendoza.gov.ar\/wp-content\/uploads\/sites\/5\/2019\/09\/WhatsApp-Image-2019-09-05-at-12.41.47-2-700x525.jpeg\" class=\"attachment-large size-large\" alt=\"\" loading=\"lazy\" srcset=\"https:\/\/www.mendoza.gov.ar\/wp-content\/uploads\/sites\/5\/2019\/09\/WhatsApp-Image-2019-09-05-at-12.41.47-2-700x525.jpeg 700w, https:\/\/www.mendoza.gov.ar\/wp-content\/uploads\/sites\/5\/2019\/09\/WhatsApp-Image-2019-09-05-at-12.41.47-2-250x188.jpeg 250w, https:\/\/www.mendoza.gov.ar\/wp-content\/uploads\/sites\/5\/2019\/09\/WhatsApp-Image-2019-09-05-at-12.41.47-2-768x576.jpeg 768w, https:\/\/www.mendoza.gov.ar\/wp-content\/uploads\/sites\/5\/2019\/09\/WhatsApp-Image-2019-09-05-at-12.41.47-2-120x90.jpeg 120w, https:\/\/www.mendoza.gov.ar\/wp-content\/uploads\/sites\/5\/2019\/09\/WhatsApp-Image-2019-09-05-at-12.41.47-2.jpeg 1152w\" sizes=\"(max-width: 700px) 100vw, 700px\" \/><\/a><a data-toggle=\"modal\" data-dismiss=\"modal\" data-target=\"#200283\"><i class=\"text-white fa fa-chevron-right fa-4x\"><\/i><\/a><\/div>\n    <\/div>\n  <\/div>\n<\/div><div class='gallery-item' data-toggle='modal' data-target='#200283' id='r200283'>\n            <dt class='gallery-icon'>\n                <a style='cursor:pointer;'><img width='150' height='150' src='https:\/\/www.mendoza.gov.ar\/wp-content\/uploads\/sites\/5\/2019\/09\/WhatsApp-Image-2019-09-05-at-12.41.48-150x150.jpeg' class='attachment-thumbnail size-thumbnail' alt='' href=''><\/a>\n             <\/dt><\/div><div class=\"modal fade bs-example-modal-lg\" id=\"200283\" tabindex=\"-1\" role=\"dialog\" aria-labelledby=\"myModalLabel\">\n  <div class=\"modal-dialog modal-lg\" role=\"document\">\n    <div class=\"\">\n      <div class=\"modal-body\" style=\"text-align: center;\"><a data-toggle=\"modal\" data-dismiss=\"modal\" data-target=\"#200282\"><i class=\"text-white fa fa-chevron-left fa-4x\"><\/i><\/a><a href='https:\/\/www.mendoza.gov.ar\/prensa\/con-mas-de-300-personas-se-llevo-a-cabo-la-audiencia-publica-por-hierro-indio\/whatsapp-image-2019-09-05-at-12-41-48\/'><img width=\"700\" height=\"525\" src=\"https:\/\/www.mendoza.gov.ar\/wp-content\/uploads\/sites\/5\/2019\/09\/WhatsApp-Image-2019-09-05-at-12.41.48-700x525.jpeg\" class=\"attachment-large size-large\" alt=\"\" loading=\"lazy\" srcset=\"https:\/\/www.mendoza.gov.ar\/wp-content\/uploads\/sites\/5\/2019\/09\/WhatsApp-Image-2019-09-05-at-12.41.48-700x525.jpeg 700w, https:\/\/www.mendoza.gov.ar\/wp-content\/uploads\/sites\/5\/2019\/09\/WhatsApp-Image-2019-09-05-at-12.41.48-250x188.jpeg 250w, https:\/\/www.mendoza.gov.ar\/wp-content\/uploads\/sites\/5\/2019\/09\/WhatsApp-Image-2019-09-05-at-12.41.48-768x576.jpeg 768w, https:\/\/www.mendoza.gov.ar\/wp-content\/uploads\/sites\/5\/2019\/09\/WhatsApp-Image-2019-09-05-at-12.41.48-120x90.jpeg 120w, https:\/\/www.mendoza.gov.ar\/wp-content\/uploads\/sites\/5\/2019\/09\/WhatsApp-Image-2019-09-05-at-12.41.48.jpeg 1152w\" sizes=\"(max-width: 700px) 100vw, 700px\" \/><\/a><a data-toggle=\"modal\" data-dismiss=\"modal\" data-target=\"#200284\"><i class=\"text-white fa fa-chevron-right fa-4x\"><\/i><\/a><\/div>\n    <\/div>\n  <\/div>\n<\/div><div class='gallery-item' data-toggle='modal' data-target='#200284' id='r200284'>\n            <dt class='gallery-icon'>\n                <a style='cursor:pointer;'><img width='150' height='150' src='https:\/\/www.mendoza.gov.ar\/wp-content\/uploads\/sites\/5\/2019\/09\/WhatsApp-Image-2019-09-05-at-12.41.49-1-150x150.jpeg' class='attachment-thumbnail size-thumbnail' alt='' href=''><\/a>\n             <\/dt><\/div><div class=\"modal fade bs-example-modal-lg\" id=\"200284\" tabindex=\"-1\" role=\"dialog\" aria-labelledby=\"myModalLabel\">\n  <div class=\"modal-dialog modal-lg\" role=\"document\">\n    <div class=\"\">\n      <div class=\"modal-body\" style=\"text-align: center;\"><a data-toggle=\"modal\" data-dismiss=\"modal\" data-target=\"#200283\"><i class=\"text-white fa fa-chevron-left fa-4x\"><\/i><\/a><a href='https:\/\/www.mendoza.gov.ar\/prensa\/con-mas-de-300-personas-se-llevo-a-cabo-la-audiencia-publica-por-hierro-indio\/whatsapp-image-2019-09-05-at-12-41-49-1\/'><img width=\"700\" height=\"525\" src=\"https:\/\/www.mendoza.gov.ar\/wp-content\/uploads\/sites\/5\/2019\/09\/WhatsApp-Image-2019-09-05-at-12.41.49-1-700x525.jpeg\" class=\"attachment-large size-large\" alt=\"\" loading=\"lazy\" srcset=\"https:\/\/www.mendoza.gov.ar\/wp-content\/uploads\/sites\/5\/2019\/09\/WhatsApp-Image-2019-09-05-at-12.41.49-1-700x525.jpeg 700w, https:\/\/www.mendoza.gov.ar\/wp-content\/uploads\/sites\/5\/2019\/09\/WhatsApp-Image-2019-09-05-at-12.41.49-1-250x188.jpeg 250w, https:\/\/www.mendoza.gov.ar\/wp-content\/uploads\/sites\/5\/2019\/09\/WhatsApp-Image-2019-09-05-at-12.41.49-1-768x576.jpeg 768w, https:\/\/www.mendoza.gov.ar\/wp-content\/uploads\/sites\/5\/2019\/09\/WhatsApp-Image-2019-09-05-at-12.41.49-1-120x90.jpeg 120w, https:\/\/www.mendoza.gov.ar\/wp-content\/uploads\/sites\/5\/2019\/09\/WhatsApp-Image-2019-09-05-at-12.41.49-1.jpeg 1152w\" sizes=\"(max-width: 700px) 100vw, 700px\" \/><\/a><a data-toggle=\"modal\" data-dismiss=\"modal\" data-target=\"#200285\"><i class=\"text-white fa fa-chevron-right fa-4x\"><\/i><\/a><\/div>\n    <\/div>\n  <\/div>\n<\/div><div class='gallery-item' data-toggle='modal' data-target='#200285' id='r200285'>\n            <dt class='gallery-icon'>\n                <a style='cursor:pointer;'><img width='150' height='150' src='https:\/\/www.mendoza.gov.ar\/wp-content\/uploads\/sites\/5\/2019\/09\/WhatsApp-Image-2019-09-05-at-12.41.49-150x150.jpeg' class='attachment-thumbnail size-thumbnail' alt='' href=''><\/a>\n             <\/dt><\/div><div class=\"modal fade bs-example-modal-lg\" id=\"200285\" tabindex=\"-1\" role=\"dialog\" aria-labelledby=\"myModalLabel\">\n  <div class=\"modal-dialog modal-lg\" role=\"document\">\n    <div class=\"\">\n      <div class=\"modal-body\" style=\"text-align: center;\"><a data-toggle=\"modal\" data-dismiss=\"modal\" data-target=\"#200284\"><i class=\"text-white fa fa-chevron-left fa-4x\"><\/i><\/a><a href='https:\/\/www.mendoza.gov.ar\/prensa\/con-mas-de-300-personas-se-llevo-a-cabo-la-audiencia-publica-por-hierro-indio\/whatsapp-image-2019-09-05-at-12-41-49\/'><img width=\"700\" height=\"525\" src=\"https:\/\/www.mendoza.gov.ar\/wp-content\/uploads\/sites\/5\/2019\/09\/WhatsApp-Image-2019-09-05-at-12.41.49-700x525.jpeg\" class=\"attachment-large size-large\" alt=\"\" loading=\"lazy\" srcset=\"https:\/\/www.mendoza.gov.ar\/wp-content\/uploads\/sites\/5\/2019\/09\/WhatsApp-Image-2019-09-05-at-12.41.49-700x525.jpeg 700w, https:\/\/www.mendoza.gov.ar\/wp-content\/uploads\/sites\/5\/2019\/09\/WhatsApp-Image-2019-09-05-at-12.41.49-250x188.jpeg 250w, https:\/\/www.mendoza.gov.ar\/wp-content\/uploads\/sites\/5\/2019\/09\/WhatsApp-Image-2019-09-05-at-12.41.49-768x576.jpeg 768w, https:\/\/www.mendoza.gov.ar\/wp-content\/uploads\/sites\/5\/2019\/09\/WhatsApp-Image-2019-09-05-at-12.41.49-120x90.jpeg 120w, https:\/\/www.mendoza.gov.ar\/wp-content\/uploads\/sites\/5\/2019\/09\/WhatsApp-Image-2019-09-05-at-12.41.49.jpeg 1152w\" sizes=\"(max-width: 700px) 100vw, 700px\" \/><\/a><a data-toggle=\"modal\" data-dismiss=\"modal\" data-target=\"#200286\"><i class=\"text-white fa fa-chevron-right fa-4x\"><\/i><\/a><\/div>\n    <\/div>\n  <\/div>\n<\/div><div class='gallery-item' data-toggle='modal' data-target='#200286' id='r200286'>\n            <dt class='gallery-icon'>\n                <a style='cursor:pointer;'><img width='150' height='150' src='https:\/\/www.mendoza.gov.ar\/wp-content\/uploads\/sites\/5\/2019\/09\/WhatsApp-Image-2019-09-05-at-12.41.48-1-150x150.jpeg' class='attachment-thumbnail size-thumbnail' alt='' href=''><\/a>\n             <\/dt><\/div><div class=\"modal fade bs-example-modal-lg\" id=\"200286\" tabindex=\"-1\" role=\"dialog\" aria-labelledby=\"myModalLabel\">\n  <div class=\"modal-dialog modal-lg\" role=\"document\">\n    <div class=\"\">\n      <div class=\"modal-body\" style=\"text-align: center;\"><a data-toggle=\"modal\" data-dismiss=\"modal\" data-target=\"#200285\"><i class=\"text-white fa fa-chevron-left fa-4x\"><\/i><\/a><a href='https:\/\/www.mendoza.gov.ar\/prensa\/con-mas-de-300-personas-se-llevo-a-cabo-la-audiencia-publica-por-hierro-indio\/whatsapp-image-2019-09-05-at-12-41-48-1\/'><img width=\"700\" height=\"525\" src=\"https:\/\/www.mendoza.gov.ar\/wp-content\/uploads\/sites\/5\/2019\/09\/WhatsApp-Image-2019-09-05-at-12.41.48-1-700x525.jpeg\" class=\"attachment-large size-large\" alt=\"\" loading=\"lazy\" srcset=\"https:\/\/www.mendoza.gov.ar\/wp-content\/uploads\/sites\/5\/2019\/09\/WhatsApp-Image-2019-09-05-at-12.41.48-1-700x525.jpeg 700w, https:\/\/www.mendoza.gov.ar\/wp-content\/uploads\/sites\/5\/2019\/09\/WhatsApp-Image-2019-09-05-at-12.41.48-1-250x188.jpeg 250w, https:\/\/www.mendoza.gov.ar\/wp-content\/uploads\/sites\/5\/2019\/09\/WhatsApp-Image-2019-09-05-at-12.41.48-1-768x576.jpeg 768w, https:\/\/www.mendoza.gov.ar\/wp-content\/uploads\/sites\/5\/2019\/09\/WhatsApp-Image-2019-09-05-at-12.41.48-1-120x90.jpeg 120w, https:\/\/www.mendoza.gov.ar\/wp-content\/uploads\/sites\/5\/2019\/09\/WhatsApp-Image-2019-09-05-at-12.41.48-1.jpeg 1152w\" sizes=\"(max-width: 700px) 100vw, 700px\" \/><\/a><a data-toggle=\"modal\" data-dismiss=\"modal\" data-target=\"#200279\"><i class=\"text-white fa fa-chevron-right fa-4x\"><\/i><\/a><\/div>\n    <\/div>\n  <\/div>\n<\/div>\n            <br style='clear: both;' \/>\n        <\/div>\n\n<\/body><\/html>\n","protected":false},"excerpt":{"rendered":"En el marco de la Ley 9003, art&iacute;culo 168 bis, la Secretar&iacute;a de Ambiente y Ordenamiento&nbsp;Territorial convoc&oacute; a una audiencia p&uacute;blica para poner en conocimiento a la ciudadan&iacute;a sobre&nbsp;el proyecto de exploraci&oacute;n minera Hierro Indio. El encuentro se desarroll&oacute; en el&nbsp;departamento de Malarg&uuml;e y participaron funcionarios provinciales,&nbsp;municipales, legisladores, c&aacute;maras empresarias e instituciones acad&eacute;micas y ciudadanos&#8230; <a class=\"view-article\" href=\"https:\/\/www.mendoza.gov.ar\/prensa\/con-mas-de-300-personas-se-llevo-a-cabo-la-audiencia-publica-por-hierro-indio\/\"><\/a>","protected":false},"author":61,"featured_media":200282,"comment_status":"open","ping_status":"open","sticky":false,"template":"","format":"standard","meta":[],"categories":[3],"tags":[],"_links":{"self":[{"href":"https:\/\/www.mendoza.gov.ar\/prensa\/wp-json\/wp\/v2\/posts\/200278"}],"collection":[{"href":"https:\/\/www.mendoza.gov.ar\/prensa\/wp-json\/wp\/v2\/posts"}],"about":[{"href":"https:\/\/www.mendoza.gov.ar\/prensa\/wp-json\/wp\/v2\/types\/post"}],"author":[{"embeddable":true,"href":"https:\/\/www.mendoza.gov.ar\/prensa\/wp-json\/wp\/v2\/users\/61"}],"replies":[{"embeddable":true,"href":"https:\/\/www.mendoza.gov.ar\/prensa\/wp-json\/wp\/v2\/comments?post=200278"}],"version-history":[{"count":4,"href":"https:\/\/www.mendoza.gov.ar\/prensa\/wp-json\/wp\/v2\/posts\/200278\/revisions"}],"predecessor-version":[{"id":200294,"href":"https:\/\/www.mendoza.gov.ar\/prensa\/wp-json\/wp\/v2\/posts\/200278\/revisions\/200294"}],"wp:featuredmedia":[{"embeddable":true,"href":"https:\/\/www.mendoza.gov.ar\/prensa\/wp-json\/wp\/v2\/media\/200282"}],"wp:attachment":[{"href":"https:\/\/www.mendoza.gov.ar\/prensa\/wp-json\/wp\/v2\/media?parent=200278"}],"wp:term":[{"taxonomy":"category","embeddable":true,"href":"https:\/\/www.mendoza.gov.ar\/prensa\/wp-json\/wp\/v2\/categories?post=200278"},{"taxonomy":"post_tag","embeddable":true,"href":"https:\/\/www.mendoza.gov.ar\/prensa\/wp-json\/wp\/v2\/tags?post=200278"}],"curies":[{"name":"wp","href":"https:\/\/api.w.org\/{rel}","templated":true}]}}