{"id":20036,"date":"2014-08-14T14:14:00","date_gmt":"2014-08-14T14:14:00","guid":{"rendered":"http:\/\/prensa.wp2.mendoza.gov.ar\/osep-presento-su-decalogo-de-responsabilidad-social\/"},"modified":"2014-08-14T14:14:00","modified_gmt":"2014-08-14T14:14:00","slug":"osep-presento-su-decalogo-de-responsabilidad-social","status":"publish","type":"post","link":"https:\/\/www.mendoza.gov.ar\/prensa\/osep-presento-su-decalogo-de-responsabilidad-social\/","title":{"rendered":"OSEP present\u00f3 su dec\u00e1logo de Responsabilidad Social"},"content":{"rendered":"<!DOCTYPE html PUBLIC \"-\/\/W3C\/\/DTD HTML 4.0 Transitional\/\/EN\" \"http:\/\/www.w3.org\/TR\/REC-html40\/loose.dtd\">\n<html><body><p>La Obra Social Empleados P&uacute;blicos&nbsp;present&oacute; esta ma&ntilde;ana el &ldquo;Dec&aacute;logo de Responsabilidad Social en Salud&rdquo;, la primera gu&iacute;a para promover y priorizar la responsabilidad social en los temas de salud p&uacute;blica a nivel provincial y nacional.<\/p>\n<p>Este dec&aacute;logo consiste en una gu&iacute;a de 13 &iacute;tems donde queda establecido que el Estado debe fomentar, adecuar, facilitar y generar la responsabilidad social y la participaci&oacute;n activa dentro de la comunidad y el sistema actual de la salud p&uacute;blica.<\/p>\n<p>Desde hace un tiempo, la Obra Social viene trabajando con acciones de responsabilidad social, &nbsp;mediante diferentes &ldquo;Talleres de Autocuidado&rdquo;, otorgando herramientas al personal de la Instituci&oacute;n para hacer frente&nbsp;a las diferentes situaciones que ocurren diariamente.<\/p>\n<p>Cursos de RCP, Coximetr&iacute;as, Escuela de Verano, Hogar de Madres,el reciclado de agua de la Cl&iacute;nica Odontol&oacute;gica, son algunas de las acciones que viene realizando OSEP como entidad responsable con su medio.<\/p>\n<p>La creaci&oacute;n del&nbsp;dec&aacute;logo es un trabajo en conjunto con diferentes instituciones como la Asociaci&oacute;n &ldquo;Hagamos algo por los chicos con Leucemia&rdquo;, ATSA, PAMI, UNCuyo, &nbsp;Ministerio de Salud de la Provincia y la Naci&oacute;n, entre otros.<\/p>\n<p>En el mismo evento, certificaron a OSEP desde el Ministerio de Desarrollo Social de la Naci&oacute;n, como organizaci&oacute;n socialmente responsable por su labor a la comunidad.<\/p>\n<p>Este&nbsp;reconocimiento como &ldquo;Instituci&oacute;n Socialmente Responsable&rdquo;, permite que integre el Registro &Uacute;nico de Responsabilidad Social de la Naci&oacute;n, siendo participe de una red de intercambio dentro de una econom&iacute;a socialmente responsable.<\/p>\n<p>Del acto participaron autoridades de esta Instituci&oacute;n y del Gobierno Provincial y Nacional. La mesa acad&eacute;mica estuvo conformada por el director de la Obra Social, Alberto Recabarren;&nbsp;el ministro de Desarrollo Social y Derechos Humanos, Cristian Bassin;&nbsp;en representaci&oacute;n del Ministerio de Salud, Diego &Aacute;lvarez, la senadora provincial Olga Bianchinelli, y la esposa del Gobernador, Celina S&aacute;nchez.<\/p>\n<p>A nivel nacional se hicieron presentes&nbsp;la subsecretaria de Responsabilidad Social, Karina Yarochevsky y la Coordinadora General del Programa de Salud Bucal, Bel&eacute;n C&eacute;sar.<\/p>\n<\/body><\/html>\n","protected":false},"excerpt":{"rendered":"Durante la presentaci\u00f3n, la Obra Social recibi\u00f3 un reconocimiento de la Naci\u00f3n como organizaci\u00f3n socialmente responsable por su labor a la comunidad.","protected":false},"author":3,"featured_media":0,"comment_status":"open","ping_status":"open","sticky":false,"template":"","format":"standard","meta":[],"categories":[30],"tags":[],"_links":{"self":[{"href":"https:\/\/www.mendoza.gov.ar\/prensa\/wp-json\/wp\/v2\/posts\/20036"}],"collection":[{"href":"https:\/\/www.mendoza.gov.ar\/prensa\/wp-json\/wp\/v2\/posts"}],"about":[{"href":"https:\/\/www.mendoza.gov.ar\/prensa\/wp-json\/wp\/v2\/types\/post"}],"author":[{"embeddable":true,"href":"https:\/\/www.mendoza.gov.ar\/prensa\/wp-json\/wp\/v2\/users\/3"}],"replies":[{"embeddable":true,"href":"https:\/\/www.mendoza.gov.ar\/prensa\/wp-json\/wp\/v2\/comments?post=20036"}],"version-history":[{"count":0,"href":"https:\/\/www.mendoza.gov.ar\/prensa\/wp-json\/wp\/v2\/posts\/20036\/revisions"}],"wp:attachment":[{"href":"https:\/\/www.mendoza.gov.ar\/prensa\/wp-json\/wp\/v2\/media?parent=20036"}],"wp:term":[{"taxonomy":"category","embeddable":true,"href":"https:\/\/www.mendoza.gov.ar\/prensa\/wp-json\/wp\/v2\/categories?post=20036"},{"taxonomy":"post_tag","embeddable":true,"href":"https:\/\/www.mendoza.gov.ar\/prensa\/wp-json\/wp\/v2\/tags?post=20036"}],"curies":[{"name":"wp","href":"https:\/\/api.w.org\/{rel}","templated":true}]}}