{"id":20063,"date":"2014-08-13T14:10:00","date_gmt":"2014-08-13T14:10:00","guid":{"rendered":"http:\/\/prensa.wp2.mendoza.gov.ar\/mendoza-reune-las-condiciones-para-sistematizar-el-reciclado-de-residuos\/"},"modified":"2014-08-13T14:10:00","modified_gmt":"2014-08-13T14:10:00","slug":"mendoza-reune-las-condiciones-para-sistematizar-el-reciclado-de-residuos","status":"publish","type":"post","link":"https:\/\/www.mendoza.gov.ar\/prensa\/mendoza-reune-las-condiciones-para-sistematizar-el-reciclado-de-residuos\/","title":{"rendered":"\u201cMendoza re\u00fane las condiciones para sistematizar el reciclado de residuos&quot;"},"content":{"rendered":"<!DOCTYPE html PUBLIC \"-\/\/W3C\/\/DTD HTML 4.0 Transitional\/\/EN\" \"http:\/\/www.w3.org\/TR\/REC-html40\/loose.dtd\">\n<html><body><p style=\"text-align: justify\">Invitada por&nbsp;el Ministerio de Tierras, Ambiente y Recursos Naturales y la Coordinaci&oacute;n Nacional de Gesti&oacute;n Integral de Residuos S&oacute;lidos Urbanos, la doctora Albina Ruiz R&iacute;os lleg&oacute; a Mendoza para&nbsp;disertar&nbsp;sobre la &ldquo;Construcci&oacute;n de Ciudades Saludables e Inclusivas en lo econ&oacute;mico, social y ambiental&rdquo; y dialogar a trav&eacute;s de un intercambio de experiencias sobre el estado del mercado del reciclado en relaci&oacute;n con la actividad de los recuperadores urbano, con los actores provincial vinculados a la tem&aacute;ticas, en el Centro de Congresos y Exposiciones.&nbsp;<\/p>\n<p style=\"text-align: justify\">Durante sus ponencias asegur&oacute; que&nbsp;&ldquo;Mendoza re&uacute;ne las condiciones para sistematizar el reciclado de residuos\".<\/p>\n<p style=\"text-align: justify\"><span style=\"line-height: 1.6em\">Ruiz R&iacute;os visit&oacute; los basurales de Rivadavia, San Mart&iacute;n;&nbsp;El Pozo de Godoy Cruz y el Borboll&oacute;n, donde el Gobierno de la Provincia firm&oacute; el inicio de obra de la Planta de Distribuci&oacute;n Final de Residuos S&oacute;lidos y estaci&oacute;n de transferencia, en el marco del Programa GIRSU. En ese contexto consider&oacute;&nbsp;que \"hay un camino planteado para construir una planta recicladora, porque se ve una cultura que permitir&iacute;a hacer la recolecci&oacute;n selectiva de residuos casa a casa\".<\/span><\/p>\n<p style=\"text-align: justify\">En su disertaci&oacute;n adem&aacute;s de contar su experiencia concreta en Per&uacute; y en otras ciudades de Latinoam&eacute;rica, que la convierten en la especialista m&aacute;s id&oacute;nea en el tema, sostuvo que lo importante es dar el paso para que haya menos tipo de material reciclable que lleguen a los vertederos, que significa que los org&aacute;nico tenga otra v&iacute;a. Y recalc&oacute; que &ldquo;en el caso de Mendoza tienen voluntad pol&iacute;tica que es muy importante en estos procesos y eso permite que est&eacute;n dadas las condiciones para hacerlo y hacerlo bien&rdquo;.<\/p>\n<p style=\"text-align: justify\"><span style=\"line-height: 1.6em\">Por su parte el ministro de Tierras, Ambiente y Recursos Naturales, Guillermo Elizalde, quien&nbsp;presidi&oacute; el encuentro, afirm&oacute; que &ldquo;cuando supimos de la presencia de la Dra. Albina en nuestro pa&iacute;s no dudamos en convocarla para que nos brinde su gran experiencia en la gesti&oacute;n de residuos s&oacute;lidos, precisamente en el tema del reciclado, porque es una prioridad de este Gobierno terminar con los basurales a cielo abierto\".<\/span><\/p>\n<p style=\"text-align: justify\"><span style=\"line-height: 1.6em\">El Ministerio ha planteado el Programa GIRSU (Gesti&oacute;n Integral de Residuos S&oacute;lidos Urbanos) como pol&iacute;tica ambiental para erradicar basurales en toda la provincia.<\/span><\/p>\n<p style=\"text-align: justify\">\"Hechos como la reconversi&oacute;n del basural de El Pozo, la generaci&oacute;n de fuentes de trabajo que apuntan a construir una ciudadan&iacute;a digna y a su vez sustentable, la fuerte&nbsp;<span style=\"line-height: 1.6em\">inversi&oacute;n de 50 millones de pesos para la construcci&oacute;n de la planta de &nbsp;reciclado del consorcio de la zona Este y la conformaci&oacute;n del consorcio de &gt; la zona Metropolitana marcan el rumbo de esta agenda que el gobernador &nbsp;Francisco Perez marc&oacute; desde el inicio de su gesti&oacute;n&rdquo;, remarc&oacute; Elizalde.<\/span><\/p>\n<p style=\"text-align: justify\"><span style=\"line-height: 1.6em\">Entre los consejos que la Dra. Ruiz dej&oacute; para Mendoza es primordial el trabajar en educaci&oacute;n y eso significa ir casa por casa, cara a cara para generar conciencia ambiental. Luego es importante tener de aliado a los recicladores, ellos ya saben que hay un valor en el reciclado, por lo que no es necesario convercerlos de nada, pero si formalizar su trabajo para que sean aliados de la gesti&oacute;n y recolecci&oacute;n y se logre una verdadera integraci&oacute;n. Por &uacute;ltimo para llevar a cabo estos procesos tiene que haber voluntad pol&iacute;tica de brindar un capital semilla de inversi&oacute;n, pero s&oacute;lo como semilla para que a partir de ah&iacute; generar las condiciones para que ese trabajo sea sostenible.<\/span><\/p>\n<p style=\"text-align: justify\"><strong>Albina Ruiz Rios<\/strong><\/p>\n<p style=\"text-align: justify\"><span style=\"line-height: 1.6em\">Naci&oacute; en la selva peruana, en R&iacute;o Bamba, es fundadora y presidenta de la Fundaci&oacute;n Internacional \"Ciudades Saludables\" y presidenta peruana de Waste Innovation. Comenz&oacute; trabajando en plantas recicladoras en cada Municipio de Per&uacute;.<\/span><\/p>\n<p style=\"text-align: justify\"><span style=\"line-height: 1.6em\">Ha recibido m&uacute;ltiples premios internacionales por su labor en la preservaci&oacute;n del ambiente y durante su gesti&oacute;n se promulg&oacute; una ley que permiti&oacute; la reglamentaci&oacute;n sobre el reciclado y que le permite al Ministerio de Finanzas dar incentivos para que los municipios que implementan recolecci&oacute;n selectiva y formalizan recicladores reciban un dinero extra. Hoy en Per&uacute; hay m&aacute;s de 300 municipalidades teniendo recolecci&oacute;n selectiva.<\/span><\/p>\n<\/body><\/html>\n","protected":false},"excerpt":{"rendered":"Lo afirm\u00f3 Albina Ruiz R\u00edos, fundadora de Ciudades Saludables, quien disert\u00f3 invitada por el Ministerio de Tierras y Ambiente.\n","protected":false},"author":3,"featured_media":0,"comment_status":"open","ping_status":"open","sticky":false,"template":"","format":"standard","meta":[],"categories":[3],"tags":[],"_links":{"self":[{"href":"https:\/\/www.mendoza.gov.ar\/prensa\/wp-json\/wp\/v2\/posts\/20063"}],"collection":[{"href":"https:\/\/www.mendoza.gov.ar\/prensa\/wp-json\/wp\/v2\/posts"}],"about":[{"href":"https:\/\/www.mendoza.gov.ar\/prensa\/wp-json\/wp\/v2\/types\/post"}],"author":[{"embeddable":true,"href":"https:\/\/www.mendoza.gov.ar\/prensa\/wp-json\/wp\/v2\/users\/3"}],"replies":[{"embeddable":true,"href":"https:\/\/www.mendoza.gov.ar\/prensa\/wp-json\/wp\/v2\/comments?post=20063"}],"version-history":[{"count":0,"href":"https:\/\/www.mendoza.gov.ar\/prensa\/wp-json\/wp\/v2\/posts\/20063\/revisions"}],"wp:attachment":[{"href":"https:\/\/www.mendoza.gov.ar\/prensa\/wp-json\/wp\/v2\/media?parent=20063"}],"wp:term":[{"taxonomy":"category","embeddable":true,"href":"https:\/\/www.mendoza.gov.ar\/prensa\/wp-json\/wp\/v2\/categories?post=20063"},{"taxonomy":"post_tag","embeddable":true,"href":"https:\/\/www.mendoza.gov.ar\/prensa\/wp-json\/wp\/v2\/tags?post=20063"}],"curies":[{"name":"wp","href":"https:\/\/api.w.org\/{rel}","templated":true}]}}