{"id":200860,"date":"2019-09-09T10:08:55","date_gmt":"2019-09-09T13:08:55","guid":{"rendered":"http:\/\/prensa.wp1.mendoza.gov.ar\/?p=200860"},"modified":"2019-09-09T10:35:34","modified_gmt":"2019-09-09T13:35:34","slug":"nueva-jornada-de-pasion-turistica-en-el-hipodromo-de-mendoza","status":"publish","type":"post","link":"https:\/\/www.mendoza.gov.ar\/prensa\/nueva-jornada-de-pasion-turistica-en-el-hipodromo-de-mendoza\/","title":{"rendered":"Nueva jornada de pasi\u00f3n turf\u00edstica en el Hip\u00f3dromo de Mendoza"},"content":{"rendered":"<!DOCTYPE html PUBLIC \"-\/\/W3C\/\/DTD HTML 4.0 Transitional\/\/EN\" \"http:\/\/www.w3.org\/TR\/REC-html40\/loose.dtd\">\n<html><body><h5>Se volvi&oacute; a vivir ayer un d&iacute;a de turf en la provincia con un calendario mixto de carreras&nbsp;cuadreras y largas. De esta manera se va completando el calendario anual 2019.<\/h5>\n<p>Diez carreras dejaron a los apasionados del turf con mucha adrenalina. La&nbsp;destacada fue la octava en donde se celebr&oacute; el premio D&iacute;a del Maestro. El triunfo qued&oacute; en manos de Gray Fox y su jockey Campos, que por varios cuerpos y&nbsp;c&oacute;modamente completaron los 1.300 metros.<\/p>\n<p>Completaron el podio en el resto de las carreras Sailor Moon, Che Parejera, Juan&nbsp;Charrua, Yankee Gold, Animal Instinc, Optimist Boy, Brujita Lizardi, Urban Legend y&nbsp;Eustaquio.<\/p>\n<p>La playa de estacionamiento estuvo administrada por voluntarios de Fundavita,&nbsp;quienes lograron recaudar $14.600, los cuales son cedidos por el Instituto de&nbsp;Juegos y Casinos.<\/p>\n<p>El nuevo encuentro en el gigante de la Montes de Oca ser&aacute; el pr&oacute;ximo 22 de&nbsp;setiembre, cuando se correr&aacute; el gran Cl&aacute;sico Jockey Club en los 2.000 metros del &oacute;valo&nbsp;mendocino.<\/p>\n\n        <style type='text\/css'>\n            #gallery-1 {\n                margin: auto;\n            }\n            #gallery-1 .gallery-item {\n                float: left;\n                margin-top: 10px;\n\n                width: auto;}\n            #gallery-1 img {\n                border: 0px none;\n            }\n            #gallery-1 .gallery-caption {\n                margin-left: 0;\n            }\n        <\/style>\n<script>\njQuery(document).ready(function($) {\n  jQuery('div.gallery-item').hover(function(){\n     \/\/jQuery(this).fadeIn().siblings(':not(.modal)').fadeTo( 'slow' , 0.2);\n     jQuery(this).siblings(':not(.modal)').fadeTo( 'fast' , 0.2);\n     jQuery(this).fadeTo( 'slow' , 1);\n  },function(){\n     \/\/$(this).siblings().andSelf().fadeTo( 'slow' , 1);\n  });\n  jQuery('#gallery-1').on('mouseleave',function(){\n    jQuery('div.gallery-item').fadeTo( 'fast' , 1);\n  })\n});\n<\/script>\n        <!-- see gallery_shortcode() in wp-includes\/media.php -->\n        <h3>GALERIA<\/h3>\n        <div id='gallery-1' class='gallery galleryid-200860'><div class='gallery-item' data-toggle='modal' data-target='#200861' id='r200861'>\n            <dt class='gallery-icon'>\n                <a style='cursor:pointer;'><img width='150' height='150' src='https:\/\/www.mendoza.gov.ar\/wp-content\/uploads\/sites\/5\/2019\/09\/IMG-20190909-WA0005-150x150.jpg' class='attachment-thumbnail size-thumbnail' alt='' href=''><\/a>\n             <\/dt><\/div><div class=\"modal fade bs-example-modal-lg\" id=\"200861\" tabindex=\"-1\" role=\"dialog\" aria-labelledby=\"myModalLabel\">\n  <div class=\"modal-dialog modal-lg\" role=\"document\">\n    <div class=\"\">\n      <div class=\"modal-body\" style=\"text-align: center;\"><a href='https:\/\/www.mendoza.gov.ar\/prensa\/nueva-jornada-de-pasion-turistica-en-el-hipodromo-de-mendoza\/img-20190909-wa0005\/'><img width=\"700\" height=\"525\" src=\"https:\/\/www.mendoza.gov.ar\/wp-content\/uploads\/sites\/5\/2019\/09\/IMG-20190909-WA0005-700x525.jpg\" class=\"attachment-large size-large\" alt=\"\" loading=\"lazy\" srcset=\"https:\/\/www.mendoza.gov.ar\/wp-content\/uploads\/sites\/5\/2019\/09\/IMG-20190909-WA0005-700x525.jpg 700w, https:\/\/www.mendoza.gov.ar\/wp-content\/uploads\/sites\/5\/2019\/09\/IMG-20190909-WA0005-250x188.jpg 250w, https:\/\/www.mendoza.gov.ar\/wp-content\/uploads\/sites\/5\/2019\/09\/IMG-20190909-WA0005-768x576.jpg 768w, https:\/\/www.mendoza.gov.ar\/wp-content\/uploads\/sites\/5\/2019\/09\/IMG-20190909-WA0005-120x90.jpg 120w, https:\/\/www.mendoza.gov.ar\/wp-content\/uploads\/sites\/5\/2019\/09\/IMG-20190909-WA0005.jpg 1280w\" sizes=\"(max-width: 700px) 100vw, 700px\" \/><\/a><a data-toggle=\"modal\" data-dismiss=\"modal\" data-target=\"#200862\"><i class=\"text-white fa fa-chevron-right fa-4x\"><\/i><\/a><\/div>\n    <\/div>\n  <\/div>\n<\/div><div class='gallery-item' data-toggle='modal' data-target='#200862' id='r200862'>\n            <dt class='gallery-icon'>\n                <a style='cursor:pointer;'><img width='150' height='150' src='https:\/\/www.mendoza.gov.ar\/wp-content\/uploads\/sites\/5\/2019\/09\/IMG-20190908-WA0007-150x150.jpg' class='attachment-thumbnail size-thumbnail' alt='' href=''><\/a>\n             <\/dt><\/div><div class=\"modal fade bs-example-modal-lg\" id=\"200862\" tabindex=\"-1\" role=\"dialog\" aria-labelledby=\"myModalLabel\">\n  <div class=\"modal-dialog modal-lg\" role=\"document\">\n    <div class=\"\">\n      <div class=\"modal-body\" style=\"text-align: center;\"><a data-toggle=\"modal\" data-dismiss=\"modal\" data-target=\"#200861\"><i class=\"text-white fa fa-chevron-left fa-4x\"><\/i><\/a><a href='https:\/\/www.mendoza.gov.ar\/prensa\/nueva-jornada-de-pasion-turistica-en-el-hipodromo-de-mendoza\/img-20190908-wa0007\/'><img width=\"700\" height=\"467\" src=\"https:\/\/www.mendoza.gov.ar\/wp-content\/uploads\/sites\/5\/2019\/09\/IMG-20190908-WA0007-700x467.jpg\" class=\"attachment-large size-large\" alt=\"\" loading=\"lazy\" srcset=\"https:\/\/www.mendoza.gov.ar\/wp-content\/uploads\/sites\/5\/2019\/09\/IMG-20190908-WA0007-700x467.jpg 700w, https:\/\/www.mendoza.gov.ar\/wp-content\/uploads\/sites\/5\/2019\/09\/IMG-20190908-WA0007-250x167.jpg 250w, https:\/\/www.mendoza.gov.ar\/wp-content\/uploads\/sites\/5\/2019\/09\/IMG-20190908-WA0007-768x512.jpg 768w, https:\/\/www.mendoza.gov.ar\/wp-content\/uploads\/sites\/5\/2019\/09\/IMG-20190908-WA0007-120x80.jpg 120w, https:\/\/www.mendoza.gov.ar\/wp-content\/uploads\/sites\/5\/2019\/09\/IMG-20190908-WA0007.jpg 1124w\" sizes=\"(max-width: 700px) 100vw, 700px\" \/><\/a><a data-toggle=\"modal\" data-dismiss=\"modal\" data-target=\"#200861\"><i class=\"text-white fa fa-chevron-right fa-4x\"><\/i><\/a><\/div>\n    <\/div>\n  <\/div>\n<\/div>\n            <br style='clear: both;' \/>\n        <\/div>\n\n<p>&nbsp;<\/p>\n<p><img loading=\"lazy\" class=\"alignnone wp-image-200864 size-full img-responsive center-block\" src=\"https:\/\/www.mendoza.gov.ar\/prensa\/wp-content\/uploads\/sites\/5\/2019\/09\/carreras.jpg\" alt=\"\" width=\"733\" height=\"483\" srcset=\"https:\/\/www.mendoza.gov.ar\/wp-content\/uploads\/sites\/5\/2019\/09\/carreras.jpg 733w, https:\/\/www.mendoza.gov.ar\/wp-content\/uploads\/sites\/5\/2019\/09\/carreras-250x165.jpg 250w, https:\/\/www.mendoza.gov.ar\/wp-content\/uploads\/sites\/5\/2019\/09\/carreras-700x461.jpg 700w, https:\/\/www.mendoza.gov.ar\/wp-content\/uploads\/sites\/5\/2019\/09\/carreras-120x79.jpg 120w\" sizes=\"(max-width: 733px) 100vw, 733px\"><\/p>\n<p><img loading=\"lazy\" class=\"alignnone wp-image-200865 size-full img-responsive center-block\" src=\"https:\/\/www.mendoza.gov.ar\/prensa\/wp-content\/uploads\/sites\/5\/2019\/09\/carreras1.jpg\" alt=\"\" width=\"730\" height=\"519\" srcset=\"https:\/\/www.mendoza.gov.ar\/wp-content\/uploads\/sites\/5\/2019\/09\/carreras1.jpg 730w, https:\/\/www.mendoza.gov.ar\/wp-content\/uploads\/sites\/5\/2019\/09\/carreras1-250x178.jpg 250w, https:\/\/www.mendoza.gov.ar\/wp-content\/uploads\/sites\/5\/2019\/09\/carreras1-700x498.jpg 700w, https:\/\/www.mendoza.gov.ar\/wp-content\/uploads\/sites\/5\/2019\/09\/carreras1-120x85.jpg 120w\" sizes=\"(max-width: 730px) 100vw, 730px\"><\/p>\n<p>&nbsp;<\/p>\n<\/body><\/html>\n","protected":false},"excerpt":{"rendered":"Se volvi&oacute; a vivir ayer un d&iacute;a de turf en la provincia con un calendario mixto de carreras&nbsp;cuadreras y largas. De esta manera se va completando el calendario anual 2019. Diez carreras dejaron a los apasionados del turf con mucha adrenalina. La&nbsp;destacada fue la octava en donde se celebr&oacute; el premio D&iacute;a del Maestro. El&#8230; <a class=\"view-article\" href=\"https:\/\/www.mendoza.gov.ar\/prensa\/nueva-jornada-de-pasion-turistica-en-el-hipodromo-de-mendoza\/\"><\/a>","protected":false},"author":61,"featured_media":200862,"comment_status":"open","ping_status":"open","sticky":false,"template":"","format":"standard","meta":[],"categories":[24],"tags":[],"_links":{"self":[{"href":"https:\/\/www.mendoza.gov.ar\/prensa\/wp-json\/wp\/v2\/posts\/200860"}],"collection":[{"href":"https:\/\/www.mendoza.gov.ar\/prensa\/wp-json\/wp\/v2\/posts"}],"about":[{"href":"https:\/\/www.mendoza.gov.ar\/prensa\/wp-json\/wp\/v2\/types\/post"}],"author":[{"embeddable":true,"href":"https:\/\/www.mendoza.gov.ar\/prensa\/wp-json\/wp\/v2\/users\/61"}],"replies":[{"embeddable":true,"href":"https:\/\/www.mendoza.gov.ar\/prensa\/wp-json\/wp\/v2\/comments?post=200860"}],"version-history":[{"count":6,"href":"https:\/\/www.mendoza.gov.ar\/prensa\/wp-json\/wp\/v2\/posts\/200860\/revisions"}],"predecessor-version":[{"id":200884,"href":"https:\/\/www.mendoza.gov.ar\/prensa\/wp-json\/wp\/v2\/posts\/200860\/revisions\/200884"}],"wp:featuredmedia":[{"embeddable":true,"href":"https:\/\/www.mendoza.gov.ar\/prensa\/wp-json\/wp\/v2\/media\/200862"}],"wp:attachment":[{"href":"https:\/\/www.mendoza.gov.ar\/prensa\/wp-json\/wp\/v2\/media?parent=200860"}],"wp:term":[{"taxonomy":"category","embeddable":true,"href":"https:\/\/www.mendoza.gov.ar\/prensa\/wp-json\/wp\/v2\/categories?post=200860"},{"taxonomy":"post_tag","embeddable":true,"href":"https:\/\/www.mendoza.gov.ar\/prensa\/wp-json\/wp\/v2\/tags?post=200860"}],"curies":[{"name":"wp","href":"https:\/\/api.w.org\/{rel}","templated":true}]}}