{"id":20105,"date":"2014-08-11T09:08:00","date_gmt":"2014-08-11T09:08:00","guid":{"rendered":"http:\/\/prensa.wp2.mendoza.gov.ar\/mas-de-20-mil-personas-festejaron-el-dia-del-nino-en-el-zoo\/"},"modified":"2014-08-11T09:08:00","modified_gmt":"2014-08-11T09:08:00","slug":"mas-de-20-mil-personas-festejaron-el-dia-del-nino-en-el-zoo","status":"publish","type":"post","link":"https:\/\/www.mendoza.gov.ar\/prensa\/mas-de-20-mil-personas-festejaron-el-dia-del-nino-en-el-zoo\/","title":{"rendered":"M\u00e1s de 20 mil personas festejaron el D\u00eda del Ni\u00f1o en el Zoo"},"content":{"rendered":"<!DOCTYPE html PUBLIC \"-\/\/W3C\/\/DTD HTML 4.0 Transitional\/\/EN\" \"http:\/\/www.w3.org\/TR\/REC-html40\/loose.dtd\">\n<html><body><p>M&aacute;s de 20 mil personas festejaron este domingo el D&iacute;a del Ni&ntilde;o en el Zool&oacute;gico de Mendoza. Los peque&ntilde;os, que pod&iacute;an entrar gratis y deb&iacute;an ir acompa&ntilde;ados por un adulto, disfrutaron de juegos, t&iacute;teres, payasos y del recorrido por los recintos de los animales, que fue lo que m&aacute;s les atrajo.&nbsp;<\/p>\n<p><span style=\"font-size: 13px;line-height: 1.6em\">&ldquo;Nunca pens&eacute; que mis chicos podr&iacute;an pasar todo un d&iacute;a en el Zoo sin cansarse. Les encant&oacute; conocer al famoso oso Arturo y pusieron nombres a todos los camellos&rdquo;, coment&oacute; Ana, mam&aacute; de cuatro chicos, dos adolescentes y dos peque&ntilde;os. Todos disfrutaron por igual.<\/span><\/p>\n<p><span style=\"font-size: 13px;line-height: 1.6em\">&nbsp;<\/span><img src=\"\/files\/media\/medium_10_08_14_zoologico2.jpg\" class=\" img-responsive center-block\"><\/p>\n<p>El ministro de Tierras, Ambiente y Recursos Naturales, Guillermo Elizalde, agradeci&oacute; la tarea realizada por decenas de personas que cuidaron la seguridad de los paseantes: &ldquo;Ingresan cerca de 3 mil personas cada hora, es impecable el cuidado del personal del Zoo y guardaparques en lo que es prevenci&oacute;n y educaci&oacute;n&rdquo;, se&ntilde;al&oacute; el ministro.<\/p>\n<p>Elizalde y Gustavo Pronotto, director del Zool&oacute;gico, recorrieron varias veces el paseo verificando que se cumplieran las disposiciones internas que indican, por ejemplo, la prohibici&oacute;n de ingresar con botellas descartables o juguetes de cualquier tipo.<\/p>\n<p>&ldquo;Ha pasado much&iacute;sima gente, miles de personas&nbsp;y no hemos tenido ni un solo inconveniente. Rescato la educaci&oacute;n de padres y sus ni&ntilde;os ya que las reglamentaciones impuestas tienen que ver con cuidar la salud de nuestros animales&rdquo;, se&ntilde;al&oacute; Pronotto.&nbsp;<\/p>\n<p>El promedio de visitantes anuales al Zool&oacute;gico es de 240 mil personas. Sin embargo, este a&ntilde;o entre las vacaciones de invierno y este fin de semana ya se superaron las 100 mil personas.&nbsp;<\/p>\n<p>&ldquo;Es mucha la gente que viene cada fin de semana y much&iacute;simas las escuelas que nos visitan sin costo&rdquo;, coment&oacute; Pronotto. De hecho, este domingo pudo verse a decenas de chicos de un Colegio de Corrientes, que eligieron el Zool&oacute;gico para pasar el domingo mendocino.&nbsp;<\/p>\n<p>En el D&iacute;a del Ni&ntilde;o familias completas concurrieron pasar la jornada&nbsp;completa,&nbsp;dado que el paseo contiene unidades de servicio donde almorzaron y pudieron merendar.<\/p>\n<p>A los m&aacute;s de 1900 animales que viven en su interior y que constituyen la delicia de los m&aacute;s peque&ntilde;os, la &nbsp;Administraci&oacute;n de Parques y Zool&oacute;gico sum&oacute; interesantes iniciativas como juegos organizados por profesores de educaci&oacute;n f&iacute;sica,&nbsp;t&iacute;teres,&nbsp;payasos y decenas de entretenimientos.&nbsp;<\/p>\n<p>El Zool&oacute;gico de Mendoza es un paseo recreativo, educativo y de conservaci&oacute;n de las especies y al estar emplazado en el Cerro de la Gloria ofrece un recorrido natural en condiciones &uacute;nicas. En &eacute;l viven muchos animales rescatados del tr&aacute;fico ilegal, que reciben la contenci&oacute;n sanitaria que necesitan para su rehabilitaci&oacute;n a cargo de un id&oacute;neo cuerpo de profesionales.&nbsp;<\/p>\n<p>&nbsp;<\/p>\n<\/body><\/html>\n","protected":false},"excerpt":{"rendered":"El paseo ya reuni\u00f3 a m\u00e1s de cien mil visitantes en el per\u00edodo comprendido entre las vacaciones de invierno y este fin de semana.","protected":false},"author":3,"featured_media":0,"comment_status":"open","ping_status":"open","sticky":false,"template":"","format":"standard","meta":[],"categories":[3],"tags":[],"_links":{"self":[{"href":"https:\/\/www.mendoza.gov.ar\/prensa\/wp-json\/wp\/v2\/posts\/20105"}],"collection":[{"href":"https:\/\/www.mendoza.gov.ar\/prensa\/wp-json\/wp\/v2\/posts"}],"about":[{"href":"https:\/\/www.mendoza.gov.ar\/prensa\/wp-json\/wp\/v2\/types\/post"}],"author":[{"embeddable":true,"href":"https:\/\/www.mendoza.gov.ar\/prensa\/wp-json\/wp\/v2\/users\/3"}],"replies":[{"embeddable":true,"href":"https:\/\/www.mendoza.gov.ar\/prensa\/wp-json\/wp\/v2\/comments?post=20105"}],"version-history":[{"count":0,"href":"https:\/\/www.mendoza.gov.ar\/prensa\/wp-json\/wp\/v2\/posts\/20105\/revisions"}],"wp:attachment":[{"href":"https:\/\/www.mendoza.gov.ar\/prensa\/wp-json\/wp\/v2\/media?parent=20105"}],"wp:term":[{"taxonomy":"category","embeddable":true,"href":"https:\/\/www.mendoza.gov.ar\/prensa\/wp-json\/wp\/v2\/categories?post=20105"},{"taxonomy":"post_tag","embeddable":true,"href":"https:\/\/www.mendoza.gov.ar\/prensa\/wp-json\/wp\/v2\/tags?post=20105"}],"curies":[{"name":"wp","href":"https:\/\/api.w.org\/{rel}","templated":true}]}}