{"id":20230,"date":"2014-08-01T11:41:00","date_gmt":"2014-08-01T11:41:00","guid":{"rendered":"http:\/\/prensa.wp2.mendoza.gov.ar\/osep-suma-el-servicio-neurologia-a-la-delegacion-de-lavalle\/"},"modified":"2014-08-01T11:41:00","modified_gmt":"2014-08-01T11:41:00","slug":"osep-suma-el-servicio-neurologia-a-la-delegacion-de-lavalle","status":"publish","type":"post","link":"https:\/\/www.mendoza.gov.ar\/prensa\/osep-suma-el-servicio-neurologia-a-la-delegacion-de-lavalle\/","title":{"rendered":"OSEP suma el servicio neurolog\u00eda a la delegaci\u00f3n de Lavalle"},"content":{"rendered":"<!DOCTYPE html PUBLIC \"-\/\/W3C\/\/DTD HTML 4.0 Transitional\/\/EN\" \"http:\/\/www.w3.org\/TR\/REC-html40\/loose.dtd\">\n<html><body><p>OSEP acercar&aacute; m&aacute;s servicios a sus afiliados de Lavalle. Incorporar&aacute;&nbsp;el servicio de Neurolog&iacute;a a su delegaci&oacute;n y est&aacute; prevista la permanencia&nbsp;del m&oacute;vil sanitario que, durante agosto, ofrecer&aacute; &nbsp;<span style=\"font-size: 12.727272033691406px\">atenci&oacute;n m&eacute;dica general, obst&eacute;trica y odontol&oacute;gica.&nbsp;<\/span><\/p>\n<p><span style=\"font-size: 13px;line-height: 1.6em\">La&nbsp;especialidad m&eacute;dica funcionar&aacute; en &nbsp;la delegaci&oacute;n de OSEP, no exist&iacute;a hasta ahora en prestadores de salud p&uacute;blicos y&nbsp;privados.<\/span><\/p>\n<p><span style=\"font-size: 13px;line-height: 1.6em\">La&nbsp;m&eacute;dica neur&oacute;loga que atender&aacute; martes por medio, de 10 a 14, en la Delegaci&oacute;n de la Obra Social, Remedios de Escalada 62, de la Villa Tulamaya.<\/span><\/p>\n<p><span style=\"font-size: 13px;line-height: 1.6em\">De esta manera OSEP responde a los requerimientos de sus afiliados que deb&iacute;an trasladarse al Gran Mendoza para realizar consultas o tratamientos neurol&oacute;gicos.<\/span><\/p>\n<p><span style=\"font-size: 13px;line-height: 1.6em\">Para m&aacute;s informaci&oacute;n, los interesados deber&aacute;n comunicarse con la Delegaci&oacute;n, tel&eacute;fonos 0261 &ndash; 4941603\/ 4941829.<\/span><\/p>\n<p><strong><span style=\"font-size: 13px;line-height: 1.6em\">M&oacute;vil&nbsp;Sanitario&nbsp;<\/span><\/strong><\/p>\n<p><span style=\"font-size: 13px;line-height: 1.6em\">El M&oacute;vil Sanitario Municipal estar&aacute; en agosto en los barrios Fuerza Nueva y Calle Mor&oacute;n, de Costa de Araujo y Jarilleros y La Polvosa, de Jocol&iacute; Viejo. All&iacute; los vecinos recibir&aacute;n atenci&oacute;n m&eacute;dica general, obst&eacute;trica y odontol&oacute;gica.<\/span><\/p>\n<p>Se trata de un trabajo conjunto que llevan adelante el Ministerio de Salud de la provincia, la Municipalidad de Lavalle y OSEP para acercar servicios de salud a los mendocinos, fundamentalmente de zonas alejadas.<\/p>\n<p><strong><span style=\"font-size: 13px;line-height: 1.6em\">El programa<\/span><\/strong><\/p>\n<p><span style=\"font-size: 13px;line-height: 1.6em\">Del 4 al 8 de agosto,&nbsp;de 9 a 12.30, en&nbsp;<\/span><span style=\"font-size: 13px;line-height: 1.6em\">B&ordm; Fuerza Nueva,&nbsp;&nbsp;Costa de Araujo<\/span><\/p>\n<p>Del 11 al 15 de agosto, de 9 a 12.&nbsp;30,&nbsp;<span style=\"font-size: 13px;line-height: 1.6em\">B&ordm; Jarilleros,&nbsp;&nbsp;Jocol&iacute; Viejo<\/span><\/p>\n<p>Del 18 al 22 de agosto, de 9 a 12.&nbsp;30,&nbsp;<span style=\"font-size: 13px;line-height: 1.6em\">Calle Mor&oacute;n,&nbsp;&nbsp;Costa de Araujo<\/span><\/p>\n<p>Del 25 al 29, de 9 a 12.&nbsp;30, &nbsp;<span style=\"font-size: 13px;line-height: 1.6em\">La Polvosa,&nbsp;&nbsp;Jocol&iacute; Viejo<\/span><\/p>\n<p><span style=\"font-size: 13px;line-height: 1.6em\">Los lunes habr&aacute; atenci&oacute;n odontol&oacute;gica y enfermer&iacute;a; los martes cl&iacute;nica m&eacute;dica, medicina de familia, odontolog&iacute;a y enfermer&iacute;a; los jueves, obstetricia, lactancia, Papanicolaou y enfermer&iacute;a y los viernes odontolog&iacute;a, medicina de familia y enfermer&iacute;a.<\/span><\/p>\n<\/body><\/html>\n","protected":false},"excerpt":{"rendered":"Se trata de una especialidad que no  exist\u00eda en el departamento. La obra social inform\u00f3 adem\u00e1s que durante agosto el m\u00f3vil sanitario estar\u00e1 a disposici\u00f3n de los vecinos de ese departamento. ","protected":false},"author":3,"featured_media":0,"comment_status":"open","ping_status":"open","sticky":false,"template":"","format":"standard","meta":[],"categories":[30],"tags":[],"_links":{"self":[{"href":"https:\/\/www.mendoza.gov.ar\/prensa\/wp-json\/wp\/v2\/posts\/20230"}],"collection":[{"href":"https:\/\/www.mendoza.gov.ar\/prensa\/wp-json\/wp\/v2\/posts"}],"about":[{"href":"https:\/\/www.mendoza.gov.ar\/prensa\/wp-json\/wp\/v2\/types\/post"}],"author":[{"embeddable":true,"href":"https:\/\/www.mendoza.gov.ar\/prensa\/wp-json\/wp\/v2\/users\/3"}],"replies":[{"embeddable":true,"href":"https:\/\/www.mendoza.gov.ar\/prensa\/wp-json\/wp\/v2\/comments?post=20230"}],"version-history":[{"count":0,"href":"https:\/\/www.mendoza.gov.ar\/prensa\/wp-json\/wp\/v2\/posts\/20230\/revisions"}],"wp:attachment":[{"href":"https:\/\/www.mendoza.gov.ar\/prensa\/wp-json\/wp\/v2\/media?parent=20230"}],"wp:term":[{"taxonomy":"category","embeddable":true,"href":"https:\/\/www.mendoza.gov.ar\/prensa\/wp-json\/wp\/v2\/categories?post=20230"},{"taxonomy":"post_tag","embeddable":true,"href":"https:\/\/www.mendoza.gov.ar\/prensa\/wp-json\/wp\/v2\/tags?post=20230"}],"curies":[{"name":"wp","href":"https:\/\/api.w.org\/{rel}","templated":true}]}}