{"id":20313,"date":"2014-07-25T12:37:00","date_gmt":"2014-07-25T12:37:00","guid":{"rendered":"http:\/\/prensa.wp2.mendoza.gov.ar\/ambiente-mendoza-en-el-camino-de-las-regiones-inteligentes-y-sustentables\/"},"modified":"2014-07-25T12:37:00","modified_gmt":"2014-07-25T12:37:00","slug":"ambiente-mendoza-en-el-camino-de-las-regiones-inteligentes-y-sustentables","status":"publish","type":"post","link":"https:\/\/www.mendoza.gov.ar\/prensa\/ambiente-mendoza-en-el-camino-de-las-regiones-inteligentes-y-sustentables\/","title":{"rendered":"Ambiente: Mendoza en el camino de las regiones inteligentes y sustentables"},"content":{"rendered":"<!DOCTYPE html PUBLIC \"-\/\/W3C\/\/DTD HTML 4.0 Transitional\/\/EN\" \"http:\/\/www.w3.org\/TR\/REC-html40\/loose.dtd\">\n<html><body><p>El Ministerio de Ecolog&iacute;a y Desarrollo Sostenible de Francia prest&oacute;&nbsp;especial atenci&oacute;n al esquema de pol&iacute;ticas ambientales que despliega el Gobierno de nuestra provincia. As&iacute; lo declar&oacute; Sylvie Lemmet, secretaria de Relaciones Europeas e Internacionales del gobierno franc&eacute;s, al ministro de Tierras, Ambiente y Recursos Naturales de Mendoza, Guillermo Elizalde, al punto de invitarlo a avanzar juntos en el esquema internacional de Ciudades y Regiones Sustentables.&nbsp;<\/p>\n<p>Recordemos que Elizalde se encuentra en Francia invitado por la Agencia Espacial Europea, para participar del lanzamiento de un cohete que investigar&aacute; el espacio profundo, en el cual la provincia tiene amplia fuerza estrat&eacute;gica al poseer una de las tres &uacute;nicas estaciones DSA que existen en todo el planeta.&nbsp;<\/p>\n<p>Ayer, como parte de su agenda el Ministro Elizalde present&oacute; el esquema de trabajo provincial en materia ambiental ante la Secretaria Lemmet y la embajadora argentina en Francia, Mar&iacute;a del Carmen Squeff, quienes adem&aacute;s aplaudieron la elecci&oacute;n de Mendoza como sede del debate regional sobre Cambio Clim&aacute;tico, que comienza este fin de mes, en tanto comprometieron la presencia de Francia en la cumbre de setiembre.&nbsp;<\/p>\n<p>La Provincia cuida sus ecosistemas con programas como el de &Aacute;reas Naturales Protegidas, los proyectos GIRSU en Tratamiento de Residuos S&oacute;lidos Urbanos en base a los cuales se van cerrando los basurales a cielo abierto en distintos departamentos, apoyo a empresas que ingresan a Producci&oacute;n m&aacute;s Limpia y a puesteros con subsidios como el cuidado a Bosques Nativos. Mendoza tambi&eacute;n es la primera provincia argentina en elaborar un Plan de Ordenamiento Territorial el cual, una vez convertido en ley, organizar&aacute; el uso del suelo para mejor desarrollo de sus habitantes.&nbsp;<\/p>\n<p>Lemmet dijo al Ministro Elizalde que con esas pol&iacute;ticas Mendoza ya est&aacute; en el camino de las Ciudades Inteligentes y Sostenibles que llevan adelante tanto ciudades como regiones de Europa y Latinoam&eacute;rica.&nbsp;<\/p>\n<p>La reuni&oacute;n avanz&oacute; adem&aacute;s en temas cruciales como la lucha contra la desertificaci&oacute;n y el aprovechamiento h&iacute;drico, acuerdos de cooperaci&oacute;n entre Francia y Mendoza en temas como Buenas Pr&aacute;cticas Agr&iacute;colas y la experiencia en la trazabilidad de la Huella de Carbono en vinos.&nbsp;<\/p>\n<p>\n<strong>Ciudades Sostenibles<\/strong><br>\nExiste un movimiento que ya recorre el planeta de avanzar hacia las ciudades inteligentes y sostenibles. Aquellas &nbsp;donde existe una adecuada movilidad, ahorro de energ&iacute;a y de recursos h&iacute;dricos, disminuci&oacute;n de la contaminaci&oacute;n auditiva y creaci&oacute;n de espacios p&uacute;blicos agradables donde haya &aacute;reas verdes con una gran funcionalidad.&nbsp;<br>\nUn elemento b&aacute;sico es la implementaci&oacute;n de arquitectura bioclim&aacute;tica, que consiste en el dise&ntilde;o de edificios teniendo en cuenta las condiciones clim&aacute;ticas y del entorno (aprovechando los recursos disponibles, como el sol, la vegetaci&oacute;n, la lluvia, la direcci&oacute;n del viento para reducir el impacto ambiental de las construcciones).&nbsp;<\/p>\n<p><span style=\"line-height: 1.6em\">Como pol&iacute;ticas urgentes, los gobiernos buscan movilidad sustentable dando impulso al transporte colectivo que reduce la cantidad de autom&oacute;viles en las &aacute;reas urbanas m&aacute;s pobladas. &nbsp;Las ciclov&iacute;as, el peaje en ciertas zonas y la peatonalizaci&oacute;n de arterias principales ya est&aacute;n siendo usadas en grandes urbes.<\/span><\/p>\n<p>\n<strong>Mendoza, estrat&eacute;gica para investigadores<\/strong><br>\nLa visita del Ministro Elizalde a Francia se circunscribe a la invitaci&oacute;n realizada por la Agencia Espacial Europea (ESA seg&uacute;n sus siglas en ingl&eacute;s) que se aprestaba para lanzar este viernes una misi&oacute;n de investigaci&oacute;n al espacio profundo, basada en la triangulaci&oacute;n de informaci&oacute;n que obtiene de sus tres antenas distribu&iacute;das estrat&eacute;gicamente en el planeta. Una de ellas, la estaci&oacute;n DSA3, se encuentra en Malarg&uuml;e.&nbsp;<br>\nEl Ministerio de Tierras, Ambiente y Recursos Naturales ha movilizado las relaciones de cooperaci&oacute;n entre la ESA y Mendoza tanto cuidando que se cumpla lo establecido en materia de impacto ambiental como en la conformaci&oacute;n del parque cient&iacute;fico y cuidado de recursos naturales, ya que la Agencia Europea tiene programas internacionales de investigaci&oacute;n en tema de glaciares y climatolog&iacute;a.<br>\nLa ESA realiza tareas de cooperaci&oacute;n internacional en temas de ciencia, tecnolog&iacute;a, tanto con organismos como con personas vinculadas a las actividades espaciales.&nbsp;<\/p>\n<p>&nbsp;<\/p>\n<\/body><\/html>\n","protected":false},"excerpt":{"rendered":"Durante la visita del Ministro Elizalde, Francia mostr\u00f3 inter\u00e9s en la pol\u00edtica ambiental que impulsa la Provincia. La protecci\u00f3n de \u00e1reas naturales, el ordenamiento territorial y la visi\u00f3n frente al Cambio Clim\u00e1tico son tomados como ejemplo.","protected":false},"author":3,"featured_media":0,"comment_status":"open","ping_status":"open","sticky":false,"template":"","format":"standard","meta":[],"categories":[3],"tags":[],"_links":{"self":[{"href":"https:\/\/www.mendoza.gov.ar\/prensa\/wp-json\/wp\/v2\/posts\/20313"}],"collection":[{"href":"https:\/\/www.mendoza.gov.ar\/prensa\/wp-json\/wp\/v2\/posts"}],"about":[{"href":"https:\/\/www.mendoza.gov.ar\/prensa\/wp-json\/wp\/v2\/types\/post"}],"author":[{"embeddable":true,"href":"https:\/\/www.mendoza.gov.ar\/prensa\/wp-json\/wp\/v2\/users\/3"}],"replies":[{"embeddable":true,"href":"https:\/\/www.mendoza.gov.ar\/prensa\/wp-json\/wp\/v2\/comments?post=20313"}],"version-history":[{"count":0,"href":"https:\/\/www.mendoza.gov.ar\/prensa\/wp-json\/wp\/v2\/posts\/20313\/revisions"}],"wp:attachment":[{"href":"https:\/\/www.mendoza.gov.ar\/prensa\/wp-json\/wp\/v2\/media?parent=20313"}],"wp:term":[{"taxonomy":"category","embeddable":true,"href":"https:\/\/www.mendoza.gov.ar\/prensa\/wp-json\/wp\/v2\/categories?post=20313"},{"taxonomy":"post_tag","embeddable":true,"href":"https:\/\/www.mendoza.gov.ar\/prensa\/wp-json\/wp\/v2\/tags?post=20313"}],"curies":[{"name":"wp","href":"https:\/\/api.w.org\/{rel}","templated":true}]}}